{"id":9423,"date":"2020-12-15T16:22:43","date_gmt":"2020-12-15T15:22:43","guid":{"rendered":"http:\/\/sp.tuchow.pl\/?p=9423"},"modified":"2020-12-15T16:22:43","modified_gmt":"2020-12-15T15:22:43","slug":"miejsce-gdzie-rodzi-sie-magia-nadzieja-i-milosc-w-tajemniczym-ogrodzie-klasy-5-a","status":"publish","type":"post","link":"https:\/\/sp.tuchow.pl\/index.php\/2020\/12\/15\/miejsce-gdzie-rodzi-sie-magia-nadzieja-i-milosc-w-tajemniczym-ogrodzie-klasy-5-a\/","title":{"rendered":",,Miejsce, gdzie rodzi si\u0119 magia, nadzieja i mi\u0142o\u015b\u0107&#8221;. W ,,Tajemniczym ogrodzie\u2019\u2019 klasy 5 a"},"content":{"rendered":"<p style=\"text-align: right;\">Motto:<\/p>\n<p style=\"text-align: right;\"><em>,,W \u015bwiecie musi by\u0107 mn\u00f3stwo czar\u00f3w, tylko ludzie<\/em><\/p>\n<p style=\"text-align: right;\"><em>nie wiedz\u0105, jak one wygl\u0105daj\u0105 i jak je czyni\u0107.<\/em><\/p>\n<p style=\"text-align: right;\"><em>Mo\u017ce trzeba zacz\u0105\u0107 od tego, by uwierzy\u0107, \u017ce stanie si\u0119<\/em><\/p>\n<p style=\"text-align: right;\"><em>co\u015b dobrego i wierzy\u0107 w to, dop\u00f3ki si\u0119 naprawd\u0119 nie stanie\u2019\u2019.<\/em><\/p>\n<p>&nbsp;<\/p>\n<p style=\"text-align: justify;\">Gdy za oknem zrobi\u0142o si\u0119 szaro i ciemno, do klasy V a zawita\u0142o s\u0142o\u0144ce i wiosna. Sta\u0142o si\u0119 tak dzi\u0119ki omawianiu lektury ,,Tajemniczy ogr\u00f3d\u2019\u2019 autorstwa Frances E. Burnett.<\/p>\n<p style=\"text-align: justify;\">Zapraszam do lektury prac uczni\u00f3w.<\/p>\n<p>&nbsp;<\/p>\n<p><strong>Cz\u0119\u015b\u0107 I (pisemna)<\/strong><\/p>\n<p><strong>Temat: By\u0142em w tajemniczym ogrodzie &#8211; opis pejza\u017cu z elementami opisu prze\u017cy\u0107 wewn\u0119trznych.<\/strong><\/p>\n<p style=\"text-align: justify;\">&nbsp;&nbsp;&nbsp;&nbsp;&nbsp;&nbsp;&nbsp;&nbsp;&nbsp;&nbsp;&nbsp;&nbsp;&nbsp;&nbsp;&nbsp; Nie ka\u017cdy mia\u0142 okazj\u0119 zobaczy\u0107 tajemniczy ogr\u00f3d, a mnie si\u0119 uda\u0142o. Na lata zamkni\u0119ty, otoczony wysokim murem ogr\u00f3d. Gdy si\u0119 tam dosta\u0142em, z wra\u017cenia zaniem\u00f3wi\u0142em. Ogr\u00f3d by\u0142 zaniedbany, pogr\u0105\u017cony w d\u0142ugim \u015bnie.<\/p>\n<p style=\"text-align: justify;\">&nbsp;&nbsp;&nbsp;&nbsp;&nbsp;&nbsp;&nbsp;&nbsp;&nbsp;&nbsp;&nbsp;&nbsp;&nbsp;&nbsp;&nbsp; Wiosn\u0105 w ogrodzie by\u0142o \u015blicznie, jakby go &nbsp;dotkn\u0119\u0142a czarodziejska r\u00f3\u017cd\u017cka. Drzewa zacz\u0119\u0142y rozkwita\u0107 i wypuszcza\u0107 p\u0105ki, czere\u015bnie i jab\u0142onie okry\u0142y si\u0119 blador\u00f3\u017cowymi p\u0105kami.&nbsp; Kwiaty, kt\u00f3re posadzi\u0142em, zacz\u0119\u0142y wypuszcza\u0107 p\u0119dy i powoli rosn\u0105\u0107, a bluszcz pi\u0119knie wi\u0142 si\u0119 na murach ogrodu. Z trudem &nbsp;powstrzymywa\u0142em \u0142zy nap\u0142ywaj\u0105ce mi do oczu. By\u0142o tak cudownie w tym tajemniczym miejscu.<\/p>\n<p style=\"text-align: justify;\">&nbsp;&nbsp;&nbsp;&nbsp;&nbsp;&nbsp;&nbsp;&nbsp;&nbsp;&nbsp;&nbsp;&nbsp;&nbsp;&nbsp;&nbsp; U\u015bmiechn\u0105\u0142em si\u0119 od ucha do ucha, gdy zobaczy\u0142em, \u017ce latem ogr\u00f3d wygl\u0105da jak raj. Czu\u0142em si\u0119 tam jak w si\u00f3dmym niebie.&nbsp; Wszystko kwit\u0142o, ogr\u00f3d nabra\u0142 wielu barw. Ukazywa\u0142y si\u0119 wszystkie odcienie b\u0142\u0119kitu, purpury, karmazynu i fioletu. Ogr\u00f3d w pe\u0142ni rozkwit\u0142, opromieniony blaskiem s\u0142o\u0144ca.<\/p>\n<p style=\"text-align: justify;\">&nbsp;&nbsp;&nbsp;&nbsp;&nbsp;&nbsp;&nbsp;&nbsp;&nbsp;&nbsp;&nbsp;&nbsp;&nbsp;&nbsp;&nbsp; Jesieni\u0105 ogr\u00f3d troch\u0119 posmutnia\u0142. Trawa lekko usch\u0142a i nabra\u0142a \u017c\u00f3\u0142tawego koloru. Z drzew powoli opada\u0142y wielobarwne li\u015bcie. Jednak ogr\u00f3d nadal&nbsp; by\u0142 pe\u0142en jesiennych urok\u00f3w, przygotowywa\u0142 si\u0119 do zimowego snu. To by\u0142o niesamowite uczucie. Widok tego miejsca zachwyca\u0142 i budzi\u0142 t\u0119sknot\u0119.<\/p>\n<p style=\"text-align: justify;\">&nbsp;&nbsp;&nbsp;&nbsp;&nbsp;&nbsp;&nbsp;&nbsp;&nbsp;&nbsp;&nbsp;&nbsp;&nbsp;&nbsp;&nbsp; To by\u0142o niezwyk\u0142e prze\u017cycie podziwia\u0107 tak malowniczy ogr\u00f3d. Mo\u017cna nazwa\u0107 go rajem.<\/p>\n<p style=\"text-align: right;\">Adamczyk Mateusz<\/p>\n<p style=\"text-align: center;\">***<\/p>\n<p style=\"text-align: justify;\">Ogr\u00f3d, kt\u00f3ry b\u0119d\u0119 opisywa\u0142a, by\u0142 zamkni\u0119ty na 10 lat. Nie ka\u017cdemu uda\u0142o si\u0119 go zobaczy\u0107. Ten widok zapami\u0119tam na zawsze\u2026<\/p>\n<p style=\"text-align: justify;\">By\u0142a wiosna. Nie spodziewa\u0142am si\u0119, \u017ce tak w tajemniczym miejscu zobacz\u0119 tak niezwyk\u0142y widok. Ca\u0142y mur, ziemi\u0119, drzewa, wszystkie p\u0119dy i pn\u0105cza otuli\u0142a zielona mgie\u0142ka drobnych listk\u00f3w. Traw\u0119 pokrywa\u0142y dywany z \u017c\u00f3\u0142to-&nbsp; fioletowo- bia\u0142ych kwiat\u00f3w. Czu\u0142am si\u0119 jak w si\u00f3dmym niebie, widz\u0105c, \u017ce wszystko rozkwita. Zewsz\u0105d by\u0142o s\u0142ycha\u0107 pi\u0119kne \u015bpiewy ptak\u00f3w, trzepot skrzyde\u0142ek oraz brz\u0119czenie owad\u00f3w. \u0141zy lecia\u0142y mi do oczu, \u017ce nasza praca aby o\u017cywi\u0107 ogr\u00f3d, nie posz\u0142a na marne.<\/p>\n<p style=\"text-align: justify;\">Latem ogr\u00f3d rozkwit\u0142 jeszcze bardziej. Wsz\u0119dzie ros\u0142y r\u00f3\u017ce, oplata\u0142y si\u0119 wok\u00f3\u0142 pni drzew, zwisa\u0142y z ga\u0142\u0119zi i pi\u0119\u0142y si\u0119 po murze. My\u015bla\u0142am, \u017ce nie b\u0119dzie ko\u0144ca rozkwitania ro\u015blinek. Za ka\u017cdym razem, kiedy przychodzi\u0142am do tajemniczego ogrodu, szeroki u\u015bmiech rozja\u015bnia\u0142 moj\u0105 twarz. Zasiane przeze mnie i przez Dicka kwiaty rozwija\u0142y si\u0119 jak zaczarowane.<\/p>\n<p style=\"text-align: justify;\">Za to jesieni\u0105 ogr\u00f3d poch\u0142on\u0119\u0142y barwy \u017c\u00f3\u0142ci, pomara\u0144czu, czerwieni.&nbsp; Ka\u017cdego dnia, kiedy przechodzi\u0142am przez furtk\u0119, nie tai\u0142am zdziwienia.<\/p>\n<p style=\"text-align: justify;\">Niezwyk\u0142ym uczuciem by\u0142o podziwia\u0107 tak pi\u0119kne, malownicze oraz niezwyk\u0142e miejsce. Wsp\u00f3\u0142czuj\u0119 tym, kt\u00f3rzy nie mogli zobaczy\u0107 ogrodu. Nie wiem, jak mog\u0142abym \u017cy\u0107 bez tego zjawiska.<\/p>\n<p style=\"text-align: right;\">Bodzioch Oliwia<\/p>\n<p style=\"text-align: center;\">***<\/p>\n<p style=\"text-align: justify;\">&nbsp;&nbsp;&nbsp;&nbsp;&nbsp;&nbsp;&nbsp;&nbsp; Nie ka\u017cdy mia\u0142 okazj\u0119 zobaczy\u0107 tajemniczy ogr\u00f3d, ale ja by\u0142em jednym z tych, kt\u00f3rym si\u0119 to uda\u0142o. Ten widok zostanie w moim sercu na zawsze.<\/p>\n<p style=\"text-align: justify;\">&nbsp;&nbsp;&nbsp;&nbsp;&nbsp;&nbsp;&nbsp;&nbsp;&nbsp;&nbsp;&nbsp; Wiosn\u0105 ogr\u00f3d by\u0142 niesamowity. Miejsce to t\u0119tni\u0142o \u017cyciem, pi\u0119knem i rado\u015bci\u0105. Na grz\u0105dkach wykie\u0142kowa\u0142y \u017c\u00f3\u0142te narcyzy, fioletowe krokusy, czerwone tulipany, irysy, pierwiosnki i&nbsp;dzwoneczki. Drzewa owocowe obsypane by\u0142y wszelakim kwieciem, a ich ga\u0142\u0119zie tworzy\u0142y wielokolorowe baldachimy. Nie spodziewa\u0142em si\u0119, \u017ce w takim tajemniczym miejscu mo\u017ce by\u0107 tyle pi\u0119kna na raz. Wiatr szumia\u0142, rusza\u0142 traw\u0105 i&nbsp;drzewami. Wzruszenie odebra\u0142o mi g\u0142os. U\u015bmiech rozpromieni\u0142 mi twarz na widok pi\u0119knego ptaka &#8211; rudzika.<\/p>\n<p style=\"text-align: justify;\">&nbsp;&nbsp;&nbsp;&nbsp;&nbsp;&nbsp;&nbsp;&nbsp;&nbsp;&nbsp;&nbsp; Latem by\u0142o zazwyczaj ciep\u0142o i s\u0142onecznie, lecz zdarza\u0142y si\u0119 deszczowe, a nawet burzowe dni. Kiedy szed\u0142em przez ogr\u00f3d, podziwia\u0142em klomby wype\u0142nione po brzegi mas\u0105 bia\u0142ych, niebieskich i&nbsp;\u017c\u00f3\u0142tych ostr\u00f3\u017cek, dzwonk\u00f3w i mieczyk\u00f3w. R\u00f3wnie\u017c przyczyni\u0142em si\u0119 do pi\u0119kna tego ogrodu, sadz\u0105c r\u00f3\u017ce, kt\u00f3re zwiesza\u0142y si\u0119 z ga\u0142\u0119zi i&nbsp;rozsypywa\u0142y kaskad\u0105 girland. Widz\u0105c to, chcia\u0142em ta\u0144czy\u0107, \u015bpiewa\u0107 i&nbsp;podskakiwa\u0107 z rado\u015bci. Powietrze w ogrodzie przesi\u0105kni\u0119te by\u0142o s\u0142odk\u0105 woni\u0105 kwiat\u00f3w, s\u0142o\u0144ce przedziera\u0142o si\u0119 przez ga\u0142\u0119zie drzew i&nbsp;opiera\u0142o na wielobarwnych rabatach. U\u015bmiechn\u0105\u0142em si\u0119 od ucha do&nbsp;ucha, s\u0142ysz\u0105c \u015bpiew ptak\u00f3w, tak pi\u0119kny i czysty. Czu\u0142em si\u0119 jak w&nbsp;si\u00f3dmym niebie.&nbsp;&nbsp;&nbsp;&nbsp;&nbsp;&nbsp;&nbsp;&nbsp;&nbsp;&nbsp;<\/p>\n<p style=\"text-align: justify;\">&nbsp;&nbsp;&nbsp;&nbsp;&nbsp;&nbsp;&nbsp;&nbsp;&nbsp;&nbsp;&nbsp; Gdy ciep\u0142e lato ust\u0105pi\u0142o, przysz\u0142a jesie\u0144. Ogr\u00f3d zacz\u0105\u0142 si\u0119 zmienia\u0107, nabra\u0142 jesiennych barw. Li\u015bcie mieni\u0142y si\u0119 wszystkimi odcieniami czerwieni, z\u0142ota, purpury, filetu i szkar\u0142atu. \u015awiat zawirowa\u0142 mi przed oczami. Lilie kwit\u0142y w bia\u0142ych i bia\u0142o-purpurowych kolorach, a jesienne r\u00f3\u017ce pi\u0119\u0142y si\u0119 i zwiesza\u0142y po\u017c\u00f3\u0142k\u0142e li\u015bcie. W ciep\u0142ych promieniach jesiennego s\u0142o\u0144ca ogr\u00f3d nabiera\u0142 jeszcze bardziej intensywnych kolor\u00f3w i&nbsp;wygl\u0105da\u0142 wprost bajkowo. Widok zachwyca\u0142 i ol\u015bniewa\u0142. Moj\u0105 twarz rozja\u015bni\u0142 u\u015bmiech szcz\u0119\u015bcia. Zasmuci\u0142em si\u0119, \u017ce nied\u0142ugo musz\u0119 opu\u015bci\u0107 to miejsce.<\/p>\n<p style=\"text-align: justify;\">&nbsp;&nbsp;&nbsp;&nbsp;&nbsp;&nbsp;&nbsp;&nbsp;&nbsp;&nbsp;&nbsp; Przebywanie w tak malowniczym ogrodzie by\u0142o niesamowitym prze\u017cyciem. Mam nadziej\u0119, \u017ce jeszcze kiedy\u015b do niego wr\u00f3c\u0119.<\/p>\n<p style=\"text-align: right;\">Borczyk Szymon<\/p>\n<p style=\"text-align: center;\">***<\/p>\n<p>&nbsp;<\/p>\n<p style=\"text-align: justify;\"><strong>&nbsp;<\/strong>Nie ka\u017cdy mia\u0142 okazj\u0119 zobaczy\u0107 tajemniczy ogr\u00f3d. Mnie si\u0119 uda\u0142o, by\u0142em zachwycony. Ten widok zapami\u0119tam na zawsze.<\/p>\n<p style=\"text-align: justify;\">Gdy pierwszy raz do niego wszed\u0142em, by\u0142a wiosna. Zaniem\u00f3wi\u0142em z zachwytu. By\u0142o tam cudownie, czu\u0142em si\u0119 jak w si\u00f3dmym niebie. Moim oczom ukaza\u0142a si\u0119 \u015bliwa, ca\u0142a pokryta biel\u0105. Tworzy\u0142a wspania\u0142y baldachim.<\/p>\n<p style=\"text-align: justify;\">Czere\u015bnie, jab\u0142onie i inne pi\u0119kne drzewa zdobi\u0142y blador\u00f3\u017cowe p\u0105czki. Szcz\u0119\u015bliwy po\u0142o\u017cy\u0142em si\u0119 na mi\u0119kkiej trawie i parzy\u0142em na gila, kt\u00f3ry wzbi\u0142 si\u0119 w g\u00f3r\u0119 i szybowa\u0142 po niezwykle b\u0142\u0119kitnym niebie.<\/p>\n<p style=\"text-align: justify;\">&nbsp;&nbsp;&nbsp;&nbsp;&nbsp;&nbsp;&nbsp;&nbsp;&nbsp;&nbsp;&nbsp; Latem ogr\u00f3d wygl\u0105da\u0142 r\u00f3wnie urzekaj\u0105co. Zachwyca\u0142 odcieniami b\u0142\u0119kitu, purpury, karmazynu i fioletu.<\/p>\n<p style=\"text-align: justify;\">Ros\u0142o tam mn\u00f3stwo pi\u0119knych irys\u00f3w i bia\u0142ych lilii, klomby by\u0142y pe\u0142ne&nbsp; bia\u0142ych, niebieskich i \u017c\u00f3\u0142tych ostr\u00f3\u017cek, dzwonk\u00f3w i mieczyk\u00f3w. Po ca\u0142ym ogrodzie rozsypywa\u0142y si\u0119 setki ol\u015bniewaj\u0105cych czerwonych mak\u00f3w. Gdzie si\u0119gn\u0105\u0142em wzrokiem, widzia\u0142em&nbsp; r\u00f3\u017ce, zwisa\u0142y z ga\u0142\u0119zi i rozsypywa\u0142y po nich kaskad\u0105 girland. Ten widok napawa\u0142 mnie spokojem i optymizmem.<\/p>\n<p style=\"text-align: justify;\">&nbsp;&nbsp;&nbsp;&nbsp;&nbsp;&nbsp;&nbsp;&nbsp;&nbsp;&nbsp;&nbsp; Gdy ostatnio odwiedzi\u0142em ogr\u00f3d, trwa\u0142a cudowna z\u0142ota jesie\u0144. By\u0142o tam tak kolorowo, \u017ce oniemia\u0142em z zachwytu.<\/p>\n<p style=\"text-align: right;\">R\u00f3\u017cycki Antoni<\/p>\n<p style=\"text-align: center;\">***<\/p>\n<p style=\"text-align: justify;\">Nie ka\u017cdy mia\u0142 okazj\u0119 zobaczy\u0107 tajemniczy ogr\u00f3d. Mia\u0142em to szcz\u0119\u015bcie i widok ten na d\u0142ugo pozostanie w mojej pami\u0119ci.<\/p>\n<p style=\"text-align: justify;\">Ogr\u00f3d w kt\u00f3rym przebywa\u0142em, by\u0142 bardzo tajemniczy. Znajdowa\u0142 si\u0119 w posiad\u0142o\u015bci pa\u0144stwa Craven\u00f3w. Gdy do niego wszed\u0142em, zaniem\u00f3wi\u0142em z wra\u017cenia. Z trudem powstrzymywa\u0142em \u0142zy nap\u0142ywaj\u0105ce mi do oczu, gdy\u017c ogr\u00f3d ten przez wiele lat pozostawa\u0142 zamkni\u0119ty, otoczony wysokim murem, kt\u00f3ry porasta\u0142y bluszcze. By\u0142 on niedost\u0119pny nawet dla ludzkich spojrze\u0144. Wszystko to dlatego, i\u017c pan Craven prze\u017cy\u0142 w nim ci\u0119\u017ckie chwile (\u015bmier\u0107 \u017cony). Ogr\u00f3d ten by\u0142 wi\u0119c dla niego symbolem bolesnych wspomnie\u0144. W ogrodzie dominowa\u0142 kolor szary. Rudawa trawa porasta\u0142a ziemi\u0119, a niepiel\u0119gnowane od dziesi\u0119ciu lat drzewa tworzy\u0142y jednolity g\u0105szcz. Mur pokrywa\u0142y g\u0119ste i spl\u0105tane p\u0119dy r\u00f3\u017c, pozbawione kwiat\u00f3w i li\u015bci. R\u00f3\u017ce chwyta\u0142y si\u0119 te\u017c drzew, oplataj\u0105c je swoimi bezlistnymi p\u0119dami. Wiele z nich bardziej przypomina\u0142o drzewa ni\u017c krzewy kwiatowe.<\/p>\n<p style=\"text-align: justify;\">\u201eGdzieniegdzie \u015blady \u015bcie\u017cek, altany, kamienne \u0142aweczki, kamienne, omsza\u0142e wazony. Kie\u0142ki ro\u015blin by\u0142y tak malutkie, a trawa woko\u0142o nich tak g\u0119sta i silna, \u017ce wygl\u0105da\u0142y jakby im tchu brak\u0142o\u201d.<\/p>\n<p style=\"text-align: justify;\">Na wiosn\u0119 ogr\u00f3d ten przeszed\u0142 niesamowit\u0105 metamorfoz\u0119. Wszystko to za spraw\u0105 ci\u0119\u017ckiej pracy Mary i Dicka, kt\u00f3rzy postanowili go uporz\u0105dkowa\u0107. Nie spodziewa\u0142em si\u0119, \u017ce w tak tajemniczym miejscu zobaczy\u0107 mog\u0119 tak niezwyk\u0142y widok. Nogi ugi\u0119\u0142y si\u0119 pode mn\u0105 i zaniem\u00f3wi\u0142em z wra\u017cenia. \u201eDobra wr\u00f3\u017cka czarodziejka r\u00f3\u017cd\u017ck\u0105 wyczarowa\u0142a cuda<br \/>\nz ziemi i ga\u0142\u0105zek\u201d. Z nastaniem wiosny miejsce to wi\u0119c nape\u0142ni\u0142o si\u0119 \u017cyciem, pi\u0119knem<br \/>\ni rado\u015bci\u0105. Okaza\u0142o si\u0119, \u017ce r\u00f3\u017ce nie tylko nie przemarz\u0142y, ale obrodzi\u0142y licznymi kwiatami.<br \/>\nNa grz\u0105dkach wykie\u0142kowa\u0142y \u017c\u00f3\u0142te narcyze, fioletowe krakusy, czerwone tulipany, irysy<br \/>\noraz pierwiosnki. Na bia\u0142o zakwit\u0142y czere\u015bnie i jab\u0142onie, kt\u00f3re nast\u0119pnie \u201eokryte zosta\u0142y blador\u00f3\u017cowymi p\u0105czkami\u201d. \u015awiat zawirowa\u0142 mi wtedy przed oczami. \u201eB\u0142\u0119kit nieba przypomina\u0142 mi niby czyje\u015b modre oczy\u201d. Wzruszenie odebra\u0142o mi g\u0142os. Z mrocznego miejsca ogr\u00f3d przeistoczy\u0142 si\u0119 w uroczy zak\u0105tek, bajkowy i magiczny.<br \/>\n&nbsp;&nbsp;&nbsp;&nbsp;&nbsp;&nbsp;&nbsp;&nbsp;&nbsp; Wraz z nadej\u015bciem lata w tajemniczym ogrodzie \u201eukazywa\u0142y si\u0119 wszystkie odcienie b\u0142\u0119kitu, purpury, karmazynu i fioletu. Klomby nape\u0142nione zosta\u0142y mas\u0105 bia\u0142ych, niebieskich i \u017c\u00f3\u0142tych ostr\u00f3\u017cek, dzwonk\u00f3w, mieczyk\u00f3w. R\u00f3\u017ce zwiesza\u0142y si\u0119 z ga\u0142\u0119zi i rozsypywa\u0142y po nich kaskad\u0105 girland\u201d. Widok ten po prostu mnie zachwyci\u0142. Os\u0142upia\u0142em ze zdziwienia.<\/p>\n<p style=\"text-align: justify;\">Jesieni\u0105 listki drzew w ogrodzie zmienia\u0142y kolory na czerwone, pomara\u0144czowe oraz brunatne. Ogr\u00f3d by\u0142 \u201epe\u0142en jesiennych urok\u00f3w: z\u0142ota, purpury, fioletu, szkar\u0142atu, kwit\u0142y w nim snopy bia\u0142ych i bia\u0142o-purpurowych lilii. Jesienne r\u00f3\u017ce pi\u0119\u0142y si\u0119 i zwiesza\u0142y po\u017c\u00f3\u0142k\u0142e li\u015bcie, kt\u00f3re w promieniach s\u0142o\u0144ca stawa\u0142y si\u0119 z\u0142ociste\u201d. Chcia\u0142em wtedy \u015bpiewa\u0107, ta\u0144czy\u0107 i podskakiwa\u0107 z rado\u015bci\u2026<\/p>\n<p style=\"text-align: justify;\">Ogr\u00f3d w ko\u0144cu zacz\u0105\u0142 \u017cy\u0107. Wraz z przemian\u0105 w ogrodzie zmieni\u0142a si\u0119 te\u017c atmosfera w domu pana Cravena, syn w\u0142a\u015bciciela powr\u00f3ci\u0142 tak\u017ce do zdrowia, a pan Archibald przesta\u0142 rozpami\u0119tywa\u0107 \u015bmier\u0107 \u017cony. Ogr\u00f3d zacz\u0105\u0142 t\u0119tni\u0107 \u017cyciem i wygl\u0105da\u0142 bardzo pi\u0119knie.<br \/>\n&nbsp;&nbsp;&nbsp;&nbsp;&nbsp;&nbsp;&nbsp;&nbsp; Tajemniczy ogr\u00f3d to symbol odrodzenia. Zaniedbany i zapomniany ogr\u00f3d mo\u017cna uto\u017csamia\u0107 z osamotnionym i chorym cz\u0142owiekiem. Dzi\u0119ki delikatno\u015bci, pomocy<br \/>\nw przezwyci\u0119\u017caniu samotno\u015bci i zagubienia, umiej\u0119tno\u015bci szanowania tajemnicy cz\u0142owiek chory wraca do \u017cycia. Wst\u0119puje w niego wiara, nadzieja i mi\u0142o\u015b\u0107. Tajemniczy ogr\u00f3d mo\u017ce by\u0107 r\u00f3wnie\u017c postrzegany jako miejsce, kt\u00f3re warte jest zainteresowania oraz symbol pi\u0119knych<br \/>\ni niezapomnianych wspomnie\u0144. Nigdy nie zapomn\u0119 sp\u0119dzonych w nim chwil.<\/p>\n<p style=\"text-align: right;\">Sobyra Hubert<\/p>\n<p>&nbsp;<\/p>\n<p><strong>Cz\u0119\u015b\u0107 II (plastyczna)<\/strong><\/p>\n<p>Dzieci malowa\u0142y tryptyk, czyli:<\/p>\n<p>I. Ogr\u00f3d w chwili odkrycia go przez Mary.<\/p>\n<p>III. Wiosna w zaczarowanej krainie.<\/p>\n<p>III. Ogr\u00f3d w pe\u0142ni rozkwitu, opromieniony blaskiem s\u0142o\u0144ca.<\/p>\n<p>&nbsp;<\/p>\n<p>Wszystkie prace zosta\u0142y wykonane mniej lub bardziej starannie, ciekawie i pomys\u0142owo oraz z sercem.<\/p>\n<p>Na wystawk\u0119 trafi\u0142y dzie\u0142a: Szymona Borczyka, Julii Gut, Julki Kucharczyk, Joli Kwiek, Filipa \u0141\u0105tki, Izabeli Wiejackiej.<\/p>\n<p>&nbsp;<\/p>\n<p>opracowa\u0142a Renata&nbsp; G\u0105sior<\/p>\n<div class=\"fb-post\" data-href=\"http:\/\/www.facebook.com\/sptuchow\/photos\/pcb.2881250898811082\/2881250268811145\/\" data-width=\"552\" style=\"background-color: #fff; display: inline-block;\"><\/div>\n","protected":false},"excerpt":{"rendered":"<p>Motto: ,,W \u015bwiecie musi by\u0107 mn\u00f3stwo czar\u00f3w, tylko ludzie nie wiedz\u0105, jak one wygl\u0105daj\u0105 i jak je czyni\u0107. Mo\u017ce trzeba<\/p>\n","protected":false},"author":4,"featured_media":0,"comment_status":"closed","ping_status":"closed","sticky":false,"template":"","format":"standard","meta":{"advanced_seo_description":"","jetpack_seo_html_title":"","jetpack_seo_noindex":false,"ngg_post_thumbnail":0,"_jetpack_newsletter_access":"","_jetpack_dont_email_post_to_subs":false,"_jetpack_newsletter_tier_id":0,"_jetpack_memberships_contains_paywalled_content":false,"_jetpack_memberships_contains_paid_content":false,"footnotes":""},"categories":[5],"tags":[],"class_list":["post-9423","post","type-post","status-publish","format-standard","hentry","category-aktualnosci"],"jetpack_featured_media_url":"","jetpack_sharing_enabled":true,"jetpack_shortlink":"https:\/\/wp.me\/pghmmV-2rZ","jetpack_likes_enabled":true,"jetpack-related-posts":[],"_links":{"self":[{"href":"https:\/\/sp.tuchow.pl\/index.php\/wp-json\/wp\/v2\/posts\/9423","targetHints":{"allow":["GET"]}}],"collection":[{"href":"https:\/\/sp.tuchow.pl\/index.php\/wp-json\/wp\/v2\/posts"}],"about":[{"href":"https:\/\/sp.tuchow.pl\/index.php\/wp-json\/wp\/v2\/types\/post"}],"author":[{"embeddable":true,"href":"https:\/\/sp.tuchow.pl\/index.php\/wp-json\/wp\/v2\/users\/4"}],"replies":[{"embeddable":true,"href":"https:\/\/sp.tuchow.pl\/index.php\/wp-json\/wp\/v2\/comments?post=9423"}],"version-history":[{"count":1,"href":"https:\/\/sp.tuchow.pl\/index.php\/wp-json\/wp\/v2\/posts\/9423\/revisions"}],"predecessor-version":[{"id":9424,"href":"https:\/\/sp.tuchow.pl\/index.php\/wp-json\/wp\/v2\/posts\/9423\/revisions\/9424"}],"wp:attachment":[{"href":"https:\/\/sp.tuchow.pl\/index.php\/wp-json\/wp\/v2\/media?parent=9423"}],"wp:term":[{"taxonomy":"category","embeddable":true,"href":"https:\/\/sp.tuchow.pl\/index.php\/wp-json\/wp\/v2\/categories?post=9423"},{"taxonomy":"post_tag","embeddable":true,"href":"https:\/\/sp.tuchow.pl\/index.php\/wp-json\/wp\/v2\/tags?post=9423"}],"curies":[{"name":"wp","href":"https:\/\/api.w.org\/{rel}","templated":true}]}}