{"id":8209,"date":"2018-11-10T21:48:10","date_gmt":"2018-11-10T20:48:10","guid":{"rendered":"http:\/\/sp.tuchow.pl\/?p=8209"},"modified":"2018-11-13T07:20:43","modified_gmt":"2018-11-13T06:20:43","slug":"xx-zlot-niepodleglosciowy-lowczowek-2018","status":"publish","type":"post","link":"https:\/\/sp.tuchow.pl\/index.php\/2018\/11\/10\/xx-zlot-niepodleglosciowy-lowczowek-2018\/","title":{"rendered":"XX Zlot Niepodleg\u0142o\u015bciowy \u0141owcz\u00f3wek 2018"},"content":{"rendered":"<p style=\"text-align: justify;\"><strong>4 listopada 2018 roku mia\u0142 miejsce XX Jubileuszowy Zlot&nbsp; Niepodleg\u0142o\u015bciowy po\u0142\u0105czony z fina\u0142em powiatowych&nbsp; obchod<\/strong><strong>\u00f3w 100. rocznicy odzyskania przez Polsk\u0119 niepodleg\u0142o\u015bci. Go\u015bciem honorowym by\u0142 Prezydent Rzeczypospolitej Polskiej Andrzej Duda, kt\u00f3ry tak\u017ce obj\u0105\u0142 Patronat Narodowy nad XX Zlotem Niepodleg\u0142o\u015bciowym w \u0141owcz\u00f3wku.<\/strong><\/p>\n<p style=\"text-align: justify;\">Prezydent Andrzej&nbsp; Duda przyby\u0142 do \u0141owcz\u00f3wka z Zakliczyna, gdzie zosta\u0142 po\u015bwi\u0119cony i odnowiony pomnik mjra Kazimierza&nbsp; Bojarskiego Kuby &#8211; dow\u00f3dcy jednego z batalion\u00f3w. Z Zakliczyna I Brygada Legion\u00f3w wyruszy\u0142a 22 grudnia 1914 r. w krwawy b\u00f3j z Rosjanami pod \u0141owcz\u00f3wkiem. By\u0142 to chrzest bojowy I Brygady. Pod nieobecno\u015b\u0107 Pi\u0142sudskiego dowodzi\u0142 pp\u0142k Kazimierz Sosnkowski.<\/p>\n<p style=\"text-align: justify;\">Cmentarz wojenny nr 171- \u0141owcz\u00f3wek jest najwi\u0119ksz\u0105 nekropoli\u0105 Legionist\u00f3w Polskich w Galicji Zachodniej. W dolnej cz\u0119\u015bci cmentarza spoczywa 272 \u017co\u0142nierzy armii austro-w\u0119gierskiej, w tym 82 Legionist\u00f3w I Brygady Legion\u00f3w Polskich. W g\u00f3rnej cz\u0119\u015bci pochowano 239 \u017co\u0142nierzy rosyjskich. W zwi\u0105zku z obchodami 100-lecia odzyskania przez Polsk\u0119&nbsp; niepodleg\u0142o\u015bci cmentarz wraz z otoczeniem przeszed\u0142 gruntowny remont.<\/p>\n<p style=\"text-align: justify;\">Tradycyjnie ju\u017c nasza szko\u0142a wzi\u0119\u0142a udzia\u0142 w uroczysto\u015bciach w \u0141owcz\u00f3wku. Dzieci i m\u0142odzie\u017c wraz z opiekunami \u2013 dyrektorem Szko\u0142y Podstawowej J\u00f3zefem Wzorkiem, Renat\u0105 G\u0105sior, Bernadet\u0105 Baran oraz Mart\u0105 Mazurkiewicz wyjecha\u0142a autobusem spod&nbsp; szko\u0142y, a znaczna cz\u0119\u015b\u0107 uczni\u00f3w przyby\u0142a na uroczysto\u015bci z rodzicami. W tym roku szczeg\u00f3lnie by\u0142o t\u0142umnie w \u0141owcz\u00f3wku. Czu\u0107 by\u0142o podnios\u0142\u0105 atmosfer\u0119, niecierpliwe oczekiwanie na wyj\u0105tkowego Go\u015bcia.<\/p>\n<p style=\"text-align: justify;\">Uroczysto\u015b\u0107 rozpocz\u0119\u0142a Msza \u015bw. pod przewodnictwem arcybiskupa Henryka Nowackiego, kt\u00f3ry wyg\u0142osi\u0142 te\u017c homili\u0119. Po Mszy \u015bw. odby\u0142y si\u0119&nbsp; oficjalne uroczysto\u015bci. Przem\u00f3wienia okoliczno\u015bciowe wyg\u0142aszali zaproszeni go\u015bcie oraz gospodarz uroczysto\u015bci w\u00f3jt Ple\u015bnej J\u00f3zef Knapik. Przywita\u0142 wszystkich zgromadzonych, podzi\u0119kowa\u0142 Prezydentowi za u\u015bwietnienie obchod\u00f3w 100. rocznicy odzyskania przez Polsk\u0119 niepodleg\u0142o\u015bci.<\/p>\n<p style=\"text-align: justify;\">Po pi\u0119knym, patriotycznym wyst\u0105pieniu Pana w\u00f3jta zabra\u0142 g\u0142os Prezydent Rzeczypospolitej Polskiej Andrzej Duda. By\u0142o to wzruszaj\u0105ce, ciekawe i refleksyjne wyst\u0105pienie. Prezydent nawi\u0105zywa\u0142 do krwawych walk legionist\u00f3w, ich bohaterstwa, jak r\u00f3wnie\u017c do 100. rocznicy odzyskania niepodleg\u0142o\u015bci. M\u00f3wi\u0142:&nbsp; \u201eWdzi\u0119czno\u015b\u0107 za tamto wielkie zwyci\u0119stwo, powr\u00f3t Polski na map\u0119 Europy i \u015bwiata, za to \u017ce dzisiaj mamy nadal woln\u0105 Ojczyzn\u0119 &#8211; jest tym wi\u0119ksza, bardziej poruszaj\u0105ca i tym wi\u0119ksze wywo\u0142uje dreszcze, gdy jest si\u0119 tu w\u0142a\u015bnie, w takim miejscu jak to, gdzie&nbsp; &lt;wolno\u015b\u0107 krzy\u017cami si\u0119 mierzy&gt;. One tu stoj\u0105:&nbsp; my patrzymy na nie, a one patrz\u0105 na nas\u201d. I to jest \u015bwiadectwo ceny, jak\u0105 p\u0142aci si\u0119 za wolno\u015b\u0107\u2019\u2019.<\/p>\n<p style=\"text-align: justify;\">&nbsp;Nawi\u0105zuj\u0105c do 100. rocznicy odzyskania niepodleg\u0142o\u015bci, m\u00f3wi\u0142:&nbsp; \u201d\u2026 my- kolejne pokolenia mo\u017cemy sta\u0107 w tym miejscu, oddaj\u0105c ho\u0142d bohaterom stulecia Polski Niepodleg\u0142ej. Nie by\u0142oby Jej bez ich m\u0119cze\u0144stwa i krwi i nie b\u0119dzie Jej, je\u017celi tacy jak wy nie b\u0119d\u0105 o niej pami\u0119tali, nie b\u0119d\u0105 budowali patriotycznych postaw, nie b\u0119d\u0105 pokazywali jako wzorca\u2019\u2019.<\/p>\n<p style=\"text-align: justify;\">Prezydent zauwa\u017cy\u0142, \u017ce w\u015br\u00f3d zgromadzonych jest bardzo du\u017co ludzi m\u0142odych. Zwr\u00f3ci\u0142 si\u0119 do rodzic\u00f3w: \u201d \u2026 dzi\u0119ki, \u017ce tak ich wychowujecie. To wspania\u0142e \u015bwiadectwo waszej i ich postawy, a tak\u017ce tego, jaka tutaj, na tej ziemi jest rodzina i jak wychowuje si\u0119 dzieci.&nbsp; Dzi\u0119kuj\u0119 wam za to w imieniu Rzeczypospolitej Polskiej na stulecie odzyskania przez ni\u0105 niepodleg\u0142o\u015bci (\u2026) Bo dzisiaj nie trzeba walczy\u0107 o jej powr\u00f3t na map\u0119, ale nale\u017cy czyni\u0107 wszystko na co dzie\u0144 swoj\u0105 prac\u0105, buduj\u0105c jej potencja\u0142 i zamo\u017cno\u015b\u0107. A gdyby by\u0142a zagro\u017cona, broni\u0105c w\u0142asn\u0105 piersi\u0105 po to, aby nikt nigdy wi\u0119cej z mapy jej nie wymaza\u0142. Jest to nasze wielkie zadanie osadzone na fundamencie grob\u00f3w, kt\u00f3re dzisiaj tutaj stoj\u0105, i krwi kt\u00f3ra w t\u0119 ziemi\u0119 wsi\u0105k\u0142a\u2026\u201d.<\/p>\n<p style=\"text-align: justify;\">Wszyscy ws\u0142uchiwali si\u0119 w bardzo patriotyczne i refleksyjne przem\u00f3wienie Prezydenta. Gromkimi brawami podzi\u0119kowali\u015bmy&nbsp; Prezydentowi za przybycie do \u0141owcz\u00f3wka. Wielu mia\u0142o zaszczyt porozmawia\u0107 z Prezydentem, u\u015bcisn\u0105\u0107 d\u0142o\u0144 i zrobi\u0107 pami\u0105tkowe zdj\u0119cie.<\/p>\n<p style=\"text-align: justify;\">Z pewno\u015bci\u0105 XX Zlot Niepodleg\u0142o\u015bciowy w \u0141owcz\u00f3wku i wizyta G\u0142owy Pa\u0144stwa na d\u0142ugo pozostan\u0105 w pami\u0119ci nas wszystkich.<\/p>\n<p style=\"text-align: justify;\">Bernadeta Baran<\/p>\n<p style=\"text-align: center;\">***<\/p>\n<p style=\"text-align: justify;\">W niedziel\u0119 4 listopada na cmentarzu wojennym nr 171 w \u0141owcz\u00f3wku, kt\u00f3ry nazywany jest tak\u017ce Cmentarzem Legionist\u00f3w Polskich, odby\u0142 si\u0119 XX Og\u00f3lnopolski Zlot Niepodleg\u0142o\u015bciowy. Uroczysto\u015b\u0107 odby\u0142a si\u0119 z my\u015bl\u0105 o uczczeniu 100. rocznicy odzyskania przez Polsk\u0119 niepodleg\u0142o\u015bci oraz 104. rocznicy Bitwy pod \u0141owcz\u00f3wkiem. W tej uroczysto\u015bci wzi\u0105\u0142 udzia\u0142 Prezydent Rzeczypospolitej Polskiej Andrzej Duda oraz wielu znamienitych go\u015bci.<\/p>\n<p style=\"text-align: justify;\">Ceremonia rozpocz\u0119\u0142a si\u0119 polow\u0105 Msz\u0105 \u015bw., kt\u00f3ra odprawiona zosta\u0142a przy cmentarnej kaplicy.(\u2026) Po Mszy \u015bw. zosta\u0142 odegrany hymn pa\u0144stwowy, nast\u0119pnie g\u0142os zabra\u0142 gospodarz uroczysto\u015bci, w\u00f3jt gminy Ple\u015bna, serdecznie witaj\u0105c wszystkich zgromadzonych.<\/p>\n<p style=\"text-align: justify;\">Nast\u0119pnie mow\u0119 wyg\u0142osi\u0142 prezydent RP Andrzej Duda, kt\u00f3ry w swoim przem\u00f3wieniu nawi\u0105za\u0142 do historycznych wydarze\u0144, jakie mia\u0142y miejsce 104 lata temu na le\u015bnej polanie, w tym u\u015bwi\u0119conym krwi\u0105 bohater\u00f3w miejscu.(\u2026)<\/p>\n<p style=\"text-align: justify;\">Prezydent podzi\u0119kowa\u0142 wszystkim uczestnikom, zgromadzonym w patriotycznym sercu powiatu tarnowskiego, za postaw\u0119 patriotyczn\u0105 i zaapelowa\u0142, by pami\u0119\u0107 o tych, kt\u00f3rzy oddali \u017cycie za woln\u0105 Ojczyzn\u0119 i spoczywaj\u0105 na tym wojennym cmentarzu, nigdy nie zgin\u0119\u0142a:<\/p>\n<p style=\"text-align: justify;\">,, Dlatego tak ogromnie dzi\u0119kuj\u0119, \u017ce jeste\u015bcie tu dzisiaj, \u017ce jest uroczysto\u015b\u0107, ten odnowiony, pi\u0119knie wygl\u0105daj\u0105cy cmentarz, \u017ce jest pami\u0119\u0107 i jest tu z nami tak wielu m\u0142odych ludzi \u2013 nast\u0119pne pokolenie. Dzi\u0119kuj\u0119, \u017ce tak ich wychowujecie. To wspania\u0142e \u015bwiadectwo Waszej i ich postawy, a tak\u017ce tego, jaka tutaj, na tej ziemi, jest rodzina i jak wychowuje si\u0119 dzieci. Dzi\u0119kuj\u0119 Wam za to w imieniu Rzeczypospolitej Polskiej na stulecie odzyskania przez ni\u0105 niepodleg\u0142o\u015bci.&nbsp; &nbsp;I prosz\u0119, by\u015bcie si\u0119 nie tylko nie zmieniali, ale by\u015bcie t\u0119 postaw\u0119 pog\u0142\u0119biali, tak w\u0142a\u015bnie jak tu przed chwil\u0105 powiedziano: \u017ceby nast\u0119pne pokolenie na pewno by\u0142o gotowe stan\u0105\u0107 w obronie ojczyzny, je\u017celi zajdzie taka potrzeba. Bo dzisiaj nie trzeba walczy\u0107 o jej powr\u00f3t na map\u0119, ale nale\u017cy czyni\u0107 wszystko: na co dzie\u0144 swoj\u0105 prac\u0105, buduj\u0105c jej potencja\u0142 i zamo\u017cno\u015b\u0107. A gdyby by\u0142a zagro\u017cona, broni\u0107 w\u0142asn\u0105 piersi\u0105 po to, by nikt nigdy wi\u0119cej z mapy jej nie wymaza\u0142\u2019\u2019.<\/p>\n<p style=\"text-align: justify;\">Szczeg\u00f3lnie wzruszaj\u0105cym momentem obrz\u0119du by\u0142 uroczysty Apel Poleg\u0142ych i salwa honorowa oddana przez Kompani\u0119 Honorow\u0105 Wojska Polskiego.<\/p>\n<p style=\"text-align: justify;\">Ceremoni\u0119 zako\u0144czy\u0142o z\u0142o\u017cenie wi\u0105zanek na mogi\u0142ach bohater\u00f3w i chwila osobistej zadumy nad grobami poleg\u0142ych.<\/p>\n<p style=\"text-align: justify;\">Cz\u0119\u015b\u0107 oficjalna na cmentarzu zako\u0144czy\u0142a si\u0119 odegraniem pie\u015bni reprezentacyjnej Wojska Polskiego, tj. \u201ePierwszej Brygady\u201d oraz wyprowadzeniem Kompanii Honorowej i poczt\u00f3w sztandarowych. Piknik historyczny z udzia\u0142em grup rekonstrukcyjnych, wystawc\u00f3w i pokaz\u00f3w militari\u00f3w odby\u0142 si\u0119 na zmodernizowanym terenie obok cmentarza. Tutaj te\u017c wydawano \u017co\u0142niersk\u0105 groch\u00f3wk\u0119 z chlebem oraz gor\u0105c\u0105 herbat\u0119.<\/p>\n<p style=\"text-align: justify;\">To by\u0142a bardzo wzruszaj\u0105ca i donios\u0142a uroczysto\u015b\u0107, upami\u0119tniaj\u0105ca Bitw\u0119 pod \u0141owcz\u00f3wkiem z udzia\u0142em I Brygady Legion\u00f3w Polskich J. Pi\u0142sudskiego, kt\u00f3ra rozegra\u0142a si\u0119 w dniach 22 \u2013 25 grudnia 1914r. O randze tej potyczki na kartach polskiej historii \u015bwiadczy m.in. fakt, i\u017c napis \u201e\u0141owcz\u00f3wek 24 XII 1914\u201d widnieje na tablicy na Grobie Nieznanego \u017bo\u0142nierza w Warszawie. Na tym u\u015bwi\u0119conym krwi\u0105 miejscu, spoczywa 516 poleg\u0142ych, w tym 113 Polak\u00f3w z I i V Pu\u0142ku Piechoty Legion\u00f3w oraz \u017co\u0142nierze austriaccy i rosyjscy. Tutaj te\u017c pochowany jest Gustaw Gryf \u0141owczowski \u2013 Genera\u0142 Brygady Wojska Polskiego, tak\u017ce uczestnik star\u0107 z grudnia 1914 roku.<\/p>\n<p style=\"text-align: justify;\">&nbsp;&nbsp;&nbsp;&nbsp;&nbsp;&nbsp;&nbsp;&nbsp;&nbsp;&nbsp;&nbsp;&nbsp;&nbsp;&nbsp;&nbsp;&nbsp;&nbsp;&nbsp;&nbsp;&nbsp;&nbsp;&nbsp;&nbsp; \u015awierki woko\u0142o ogromne,<\/p>\n<p style=\"text-align: justify;\">&nbsp;&nbsp;&nbsp;&nbsp;&nbsp;&nbsp;&nbsp;&nbsp;&nbsp;&nbsp;&nbsp;&nbsp;&nbsp;&nbsp;&nbsp;&nbsp;&nbsp;&nbsp;&nbsp;&nbsp;&nbsp;&nbsp;&nbsp; we mgle \u0141owcz\u00f3wek tonie.<\/p>\n<p style=\"text-align: justify;\">&nbsp;&nbsp;&nbsp;&nbsp;&nbsp;&nbsp;&nbsp;&nbsp;&nbsp;&nbsp;&nbsp;&nbsp;&nbsp;&nbsp;&nbsp;&nbsp;&nbsp;&nbsp;&nbsp;&nbsp;&nbsp;&nbsp;&nbsp; S\u0142owa rozkaz\u00f3w &#8211; kol\u0119d\u0105:<\/p>\n<p style=\"text-align: justify;\">&nbsp;&nbsp;&nbsp;&nbsp;&nbsp;&nbsp;&nbsp;&nbsp;&nbsp;&nbsp;&nbsp;&nbsp;&nbsp;&nbsp;&nbsp;&nbsp;&nbsp;&nbsp;&nbsp;&nbsp;&nbsp;&nbsp;&nbsp; Strzela\u0107! Przechodz\u0105 pole!<\/p>\n<p style=\"text-align: justify;\">&nbsp;&nbsp;&nbsp;&nbsp;&nbsp;&nbsp;&nbsp;&nbsp;&nbsp;&nbsp;&nbsp;&nbsp;&nbsp;&nbsp;&nbsp;&nbsp;&nbsp;&nbsp;&nbsp;&nbsp;&nbsp;&nbsp;&nbsp; Gwizd kul muzyk\u0105 \u015bwi\u0105teczn\u0105,<\/p>\n<p style=\"text-align: justify;\">&nbsp;&nbsp;&nbsp;&nbsp;&nbsp;&nbsp;&nbsp;&nbsp;&nbsp;&nbsp;&nbsp;&nbsp;&nbsp;&nbsp;&nbsp;&nbsp;&nbsp;&nbsp;&nbsp;&nbsp;&nbsp;&nbsp;&nbsp; j\u0119cz\u0105 zranione \u015bwierki.<\/p>\n<p style=\"text-align: justify;\">&nbsp;&nbsp;&nbsp;&nbsp;&nbsp;&nbsp;&nbsp;&nbsp;&nbsp;&nbsp;&nbsp;&nbsp;&nbsp;&nbsp;&nbsp;&nbsp;&nbsp;&nbsp;&nbsp;&nbsp;&nbsp;&nbsp;&nbsp; Ranni wo\u0142aj\u0105 pomocy.<\/p>\n<p style=\"text-align: justify;\">&nbsp;&nbsp;&nbsp;&nbsp;&nbsp;&nbsp;&nbsp;&nbsp;&nbsp;&nbsp;&nbsp;&nbsp;&nbsp;&nbsp;&nbsp;&nbsp;&nbsp;&nbsp;&nbsp;&nbsp;&nbsp;&nbsp;&nbsp; W Twe Imi\u0119 &#8211; Bo\u017ce Wielki!<\/p>\n<p style=\"text-align: justify;\">&nbsp;<\/p>\n<p style=\"text-align: justify;\">Nie by\u0142oby Polski wolnej, niepodleg\u0142ej bez ich m\u0119cze\u0144stwa i krwi. I nie b\u0119dzie jej, je\u017celi my- m\u0142odzi ludzie, nie b\u0119dziemy pami\u0119tali o tamtych wydarzeniach, nie b\u0119dziemy budowali patriotycznych postaw, nie b\u0119dziemy ich pokazywali jako wzorca. Dlatego co roku wracam do \u0141owcz\u00f3wka, by stoj\u0105c nad skromnymi \u017co\u0142nierskimi mogi\u0142ami, da\u0107 \u015bwiadectwo patriotycznej postawy i odda\u0107 ho\u0142d bohaterom, zapalaj\u0105c bia\u0142o-czerwony znicz.&nbsp; &nbsp; &nbsp; &nbsp; &nbsp; &nbsp; &nbsp; &nbsp; &nbsp; &nbsp; &nbsp; &nbsp; &nbsp; &nbsp; &nbsp; &nbsp; &nbsp; &nbsp; &nbsp; &nbsp; &nbsp; &nbsp; &nbsp; &nbsp; &nbsp; &nbsp; &nbsp; &nbsp; &nbsp; &nbsp;&nbsp;<\/p>\n<p style=\"text-align: right;\">Julia Baran, klasa VIII c<\/p>\n<p style=\"text-align: center;\">***<\/p>\n<p style=\"text-align: justify;\">&nbsp;&nbsp;&nbsp;&nbsp;&nbsp;&nbsp;&nbsp;&nbsp;&nbsp;&nbsp;&nbsp; \u0141owcz\u00f3wek! Jestem tu ka\u017cdego roku i jak zawsze odda\u0142em ho\u0142d poleg\u0142ym. W tym roku przyby\u0142 do nas specjalny Go\u015b\u0107! Prezydent Rzeczypospolitej Polskiej zaszczyci\u0142 \u0141owcz\u00f3wek sw\u0105 obecno\u015bci\u0105. Ale nie tylko osoba Prezydenta przyci\u0105gn\u0119\u0142a t\u0142umy ludzi! W tym roku obchodzimy 100. rocznic\u0119 odzyskania przez Polsk\u0119 niepodleg\u0142o\u015bci, wi\u0119c przybyli\u015bmy tu \u015bwi\u0119towa\u0107 i upami\u0119tni\u0107 to wydarzenie. Z tej okazji zosta\u0142 odnowiony cmentarz i plac dooko\u0142a. Na czas uroczysto\u015bci na \u015brodku placu umieszczony zosta\u0142 telebim, na kt\u00f3rym mo\u017cna by\u0142o zobaczy\u0107 uroczysto\u015bci z cmentarza.<\/p>\n<p style=\"text-align: justify;\">&nbsp;&nbsp;&nbsp;&nbsp;&nbsp;&nbsp;&nbsp;&nbsp;&nbsp;&nbsp;&nbsp; Po bardzo m\u0105drym i pouczaj\u0105cym przem\u00f3wieniu Prezydenta wszyscy powinni\u015bmy u\u015bwiadomi\u0107 sobie, \u017ce to w\u0142a\u015bnie dzi\u0119ki tym Bohaterom mo\u017cemy \u017cy\u0107, pracowa\u0107, modli\u0107 si\u0119 i rozwija\u0107 w wolnym, niepodleg\u0142ym kraju &#8211; Polsce!!!<\/p>\n<p style=\"text-align: right;\">Micha\u0142 Gawrya\u0142, klasa VI b<\/p>\n<p style=\"text-align: justify;\">&nbsp;<\/p>\n<p style=\"text-align: center;\">***<\/p>\n<p style=\"text-align: justify;\">Jestem bardzo szcz\u0119\u015bliwy, poniewa\u017c mog\u0142em uczestniczy\u0107 w uroczysto\u015bci tak wa\u017cnej dla naszego&nbsp;<a href=\"http:\/\/narodu podczas\">narodu. Podczas<\/a>&nbsp;wyst\u0105pienia Prezydenta Andrzeja Dudy u\u015bwiadomi\u0142em sobie, jak wielkie znaczenie ma dla mnie moja&nbsp;<a href=\"http:\/\/ojczyzna.xn--patrzc-00a\/\">Ojczyzna. Patrz\u0105c<\/a>&nbsp;na cmentarz \u017co\u0142nierski w \u0141owcz\u00f3wku, wyobrazi\u0142em sobie wielk\u0105 odwag\u0119 i po\u015bwi\u0119cenie moich przodk\u00f3w. Poczu\u0142em wdzi\u0119czno\u015b\u0107 wobec tych, kt\u00f3rzy polegli w obronie Polski i zda\u0142em sobie spraw\u0119, \u017ce dzi\u0119ki tym bohaterom mog\u0119 uczy\u0107 si\u0119 j\u0119zyka ojczystego i \u015bpiewa\u0107 patriotyczne pie\u015bni.<\/p>\n<p style=\"text-align: justify;\">W pewnym momencie popatrzy\u0142em na dziadka, kt\u00f3ry mia\u0142 \u0142zy w&nbsp;<a href=\"http:\/\/oczach.xn--zrozumiaem-h0b\/\">oczach.&nbsp; Zrozumia\u0142em<\/a>, \u017ce pami\u0119\u0107 o walcz\u0105cych bohaterach jest nie tylko obowi\u0105zkiem, ale zadaniem, by budowa\u0107 lepsze&nbsp;<a href=\"http:\/\/jutro.kiedy\/\">jutro. Kiedy<\/a>&nbsp;dorosn\u0119, b\u0119d\u0119 m\u00f3g\u0142 opowiada\u0107 moim dzieciom i wnukom, jak wspania\u0142e uczucia towarzyszy\u0142y mi podczas tej uroczysto\u015bci. Uwa\u017cam, \u017ce w tym wyj\u0105tkowym roku stulecia odzyskania niepodleg\u0142o\u015bci wszyscy Polacy powinni si\u0119 zjednoczy\u0107 niezale\u017cnie od pogl\u0105d\u00f3w politycznych.<\/p>\n<p style=\"text-align: right;\">Szymon Koncewicz, klasa VI b<\/p>\n<p>&nbsp;<\/p>\n<p style=\"text-align: right;\">Wypowiedzi zebra\u0142a Renata G\u0105sior<\/p>\n","protected":false},"excerpt":{"rendered":"<p>4 listopada 2018 roku mia\u0142 miejsce XX Jubileuszowy Zlot&nbsp; Niepodleg\u0142o\u015bciowy po\u0142\u0105czony z fina\u0142em powiatowych&nbsp; obchod\u00f3w 100. rocznicy odzyskania przez Polsk\u0119<\/p>\n","protected":false},"author":4,"featured_media":0,"comment_status":"closed","ping_status":"closed","sticky":false,"template":"","format":"standard","meta":{"advanced_seo_description":"","jetpack_seo_html_title":"","jetpack_seo_noindex":false,"ngg_post_thumbnail":0,"_jetpack_newsletter_access":"","_jetpack_dont_email_post_to_subs":false,"_jetpack_newsletter_tier_id":0,"_jetpack_memberships_contains_paywalled_content":false,"_jetpack_memberships_contains_paid_content":false,"footnotes":""},"categories":[5],"tags":[],"class_list":["post-8209","post","type-post","status-publish","format-standard","hentry","category-aktualnosci"],"jetpack_featured_media_url":"","jetpack_sharing_enabled":true,"jetpack_shortlink":"https:\/\/wp.me\/pghmmV-28p","jetpack_likes_enabled":true,"jetpack-related-posts":[],"_links":{"self":[{"href":"https:\/\/sp.tuchow.pl\/index.php\/wp-json\/wp\/v2\/posts\/8209","targetHints":{"allow":["GET"]}}],"collection":[{"href":"https:\/\/sp.tuchow.pl\/index.php\/wp-json\/wp\/v2\/posts"}],"about":[{"href":"https:\/\/sp.tuchow.pl\/index.php\/wp-json\/wp\/v2\/types\/post"}],"author":[{"embeddable":true,"href":"https:\/\/sp.tuchow.pl\/index.php\/wp-json\/wp\/v2\/users\/4"}],"replies":[{"embeddable":true,"href":"https:\/\/sp.tuchow.pl\/index.php\/wp-json\/wp\/v2\/comments?post=8209"}],"version-history":[{"count":4,"href":"https:\/\/sp.tuchow.pl\/index.php\/wp-json\/wp\/v2\/posts\/8209\/revisions"}],"predecessor-version":[{"id":8218,"href":"https:\/\/sp.tuchow.pl\/index.php\/wp-json\/wp\/v2\/posts\/8209\/revisions\/8218"}],"wp:attachment":[{"href":"https:\/\/sp.tuchow.pl\/index.php\/wp-json\/wp\/v2\/media?parent=8209"}],"wp:term":[{"taxonomy":"category","embeddable":true,"href":"https:\/\/sp.tuchow.pl\/index.php\/wp-json\/wp\/v2\/categories?post=8209"},{"taxonomy":"post_tag","embeddable":true,"href":"https:\/\/sp.tuchow.pl\/index.php\/wp-json\/wp\/v2\/tags?post=8209"}],"curies":[{"name":"wp","href":"https:\/\/api.w.org\/{rel}","templated":true}]}}