{"id":7868,"date":"2018-01-23T20:34:54","date_gmt":"2018-01-23T19:34:54","guid":{"rendered":"http:\/\/sp.tuchow.pl\/?p=7868"},"modified":"2018-01-24T09:17:35","modified_gmt":"2018-01-24T08:17:35","slug":"recytujemy-i-malujemy-wiersze-ks-jana-twardowskiego-po-raz-szosty","status":"publish","type":"post","link":"https:\/\/sp.tuchow.pl\/index.php\/2018\/01\/23\/recytujemy-i-malujemy-wiersze-ks-jana-twardowskiego-po-raz-szosty\/","title":{"rendered":"Recytujemy i malujemy wiersze ks. Jana Twardowskiego po raz sz\u00f3sty"},"content":{"rendered":"<p style=\"text-align: right;\"><em>Boga naj\u0142atwiej znajdziesz nie pisz\u0105c o Bogu<\/em><\/p>\n<p style=\"text-align: right;\"><em>(ks. Jan Twardowski <\/em><\/p>\n<p style=\"text-align: right;\"><em>fragment&nbsp; Nie tylko o czaplach)<\/em><\/p>\n<p>&nbsp;<\/p>\n<p><strong>W dniu 17 stycznia 2018 r. odby\u0142 si\u0119 VI Szkolny Konkurs Recytatorski ,,W magicznym \u015bwiecie wierszy ksi\u0119dza Jana Twardowskiego\u2019\u2019.<\/strong><\/p>\n<p>Szacowne jury konkursu stanowili:<\/p>\n<p>mgr Wanda Siwek \u2013 wicedyrektor szko\u0142y,<\/p>\n<p>Krystyna Piwowar \u2013 katecheta,<\/p>\n<p>mgr Katarzyna Krupa \u2013 nauczyciel \u2013 bibliotekarz,<\/p>\n<p>Go\u015b\u0107 specjalny: proboszcz Parafii pw. \u015awi\u0119tego Jakuba Aposto\u0142a ks. Alfons G\u00f3rowski \u2013 katecheta.<\/p>\n<p>&nbsp;&nbsp;&nbsp;&nbsp;&nbsp;&nbsp;&nbsp;&nbsp;&nbsp;&nbsp;&nbsp; 18 dzieci pi\u0119knie i z przej\u0119ciem recytowa\u0142o wybrane przez siebie wiersze. Nie zabrak\u0142o emocji, wzrusze\u0144, p\u0142aczu i smutnych buziek u niekt\u00f3rych dzieci podczas recytowania wierszy, jak i po og\u0142oszeniu wynik\u00f3w. Recytacjom przys\u0142uchiwali si\u0119 te\u017c rodzice uczni\u00f3w.<\/p>\n<p>KLASY III \u2013IV<\/p>\n<table width=\"720\">\n<tbody>\n<tr>\n<td width=\"36\">l.p<\/td>\n<td width=\"240\">Nazwisko i imi\u0119<\/td>\n<td width=\"72\">Klasa<\/td>\n<td width=\"240\">Tytu\u0142 wiersza<\/td>\n<td width=\"132\">Miejsce<\/td>\n<\/tr>\n<tr>\n<td width=\"36\">1.<\/td>\n<td width=\"240\"><strong>R\u0105pa\u0142a Alicja<\/strong><\/td>\n<td width=\"72\"><strong>3 d<\/strong><\/td>\n<td width=\"240\"><strong>,,M\u0119czennicy\u2019\u2019<\/strong><\/td>\n<td width=\"132\"><strong>I<\/strong><\/td>\n<\/tr>\n<tr>\n<td width=\"36\">2.<\/td>\n<td width=\"240\"><strong>Szary Jan<\/strong><\/td>\n<td width=\"72\"><strong>4 b<\/strong><\/td>\n<td width=\"240\"><strong>,,Nieszcz\u0119\u015bcie nie nieszcz\u0119\u015bcie\u2019\u2019<\/strong><\/td>\n<td width=\"132\"><strong>I<\/strong><\/td>\n<\/tr>\n<tr>\n<td width=\"36\">3.<\/td>\n<td width=\"240\">Kajmowicz Kornelia<\/td>\n<td width=\"72\">4 a<\/td>\n<td width=\"240\">,,R\u00f3\u017cne samotno\u015bci\u2019\u2019<\/td>\n<td width=\"132\">II<\/td>\n<\/tr>\n<tr>\n<td width=\"36\">4.<\/td>\n<td width=\"240\">Szych-Karwat Ronja<\/td>\n<td width=\"72\">4 d<\/td>\n<td width=\"240\">,,Podzi\u0119kowanie\u2019\u2019<\/td>\n<td width=\"132\">III<\/td>\n<\/tr>\n<tr>\n<td width=\"36\">5.<\/td>\n<td width=\"240\">Pi\u0105tek Julia<\/td>\n<td width=\"72\">4 c<\/td>\n<td width=\"240\">,,List do Matki Boskiej\u2019\u2019<\/td>\n<td width=\"132\">wyr\u00f3\u017cnienie<\/td>\n<\/tr>\n<\/tbody>\n<\/table>\n<p>&nbsp;<\/p>\n<p>KLASY V- VI<\/p>\n<table width=\"708\">\n<tbody>\n<tr>\n<td width=\"48\">l.p<\/td>\n<td width=\"228\">Nazwisko i imi\u0119<\/td>\n<td width=\"72\">Klasa<\/td>\n<td width=\"240\">Tytu\u0142 wiersza<\/td>\n<td width=\"120\">Miejsce<\/td>\n<\/tr>\n<tr>\n<td width=\"48\">1.<\/td>\n<td width=\"228\"><strong>Barna\u015b Kinga<\/strong><\/td>\n<td width=\"72\"><strong>5 c<\/strong><\/td>\n<td width=\"240\"><strong>,,My\u015bli na ka\u017cdy dzie\u0144\u2019\u2019<\/strong><\/td>\n<td width=\"120\"><strong>I<\/strong><\/td>\n<\/tr>\n<tr>\n<td width=\"48\">2.<\/td>\n<td width=\"228\">Sta\u0144czyk Wiktoria<\/td>\n<td width=\"72\">5 a<\/td>\n<td width=\"240\">,,Jest\u2019\u2019<\/td>\n<td width=\"120\">II<\/td>\n<\/tr>\n<tr>\n<td width=\"48\">3.<\/td>\n<td width=\"228\">Kielawa Julia<\/td>\n<td width=\"72\">5 b<\/td>\n<td width=\"240\">,,Aniele Bo\u017cy\u2019\u2019<\/td>\n<td width=\"120\">II<\/td>\n<\/tr>\n<tr>\n<td width=\"48\">4.<\/td>\n<td width=\"228\">\u017bo\u0142\u0105d\u017a Jagoda<\/td>\n<td width=\"72\">6 b<\/td>\n<td width=\"240\">,,Kt\u00f3r\u0119dy\u2019\u2019<\/td>\n<td width=\"120\">III<\/td>\n<\/tr>\n<tr>\n<td width=\"48\">5.<\/td>\n<td width=\"228\">\u0141\u0105tka Wiktoria<\/td>\n<td width=\"72\">6 c<\/td>\n<td width=\"240\">,,Wyznanie\u2019\u2019<\/td>\n<td width=\"120\">wyr\u00f3\u017cnienie<\/td>\n<\/tr>\n<\/tbody>\n<\/table>\n<p>W tym dniu zosta\u0142y og\u0142oszone wyniki VI Szkolnego Konkursu Plastycznego ,,W magicznym \u015bwiecie wierszy ks. Jana Twardowskiego\u2019\u2019. Prace oceni\u0142 mgr Stanis\u0142aw Maniak \u2013 nauczyciel plastyki.<\/p>\n<p>KLASY III \u2013IV<\/p>\n<table width=\"720\">\n<tbody>\n<tr>\n<td width=\"38\">l.p<\/td>\n<td width=\"213\">Nazwisko i imi\u0119<\/td>\n<td width=\"60\">Klasa<\/td>\n<td width=\"292\">Tytu\u0142 wiersza<\/td>\n<td width=\"117\">Miejsce<\/td>\n<\/tr>\n<tr>\n<td width=\"38\">1.<\/td>\n<td width=\"213\"><strong>Duda Emilia<\/strong><\/td>\n<td width=\"60\"><strong>4 b<\/strong><\/td>\n<td width=\"292\"><strong>,,Anio\u0142\u2019\u2019<\/strong><\/td>\n<td width=\"117\"><strong>I<\/strong><\/td>\n<\/tr>\n<tr>\n<td width=\"38\">2.<\/td>\n<td width=\"213\"><strong>Nowak Aleksandra<\/strong><\/td>\n<td width=\"60\"><strong>3 d<\/strong><\/td>\n<td width=\"292\"><strong>,,Mr\u00f3wko, wa\u017cko, biedronko\u2019\u2019<\/strong><\/td>\n<td width=\"117\"><strong>I<\/strong><\/td>\n<\/tr>\n<tr>\n<td width=\"38\">3.<\/td>\n<td width=\"213\">Podraza Mi\u0142osz<\/td>\n<td width=\"60\">3 a<\/td>\n<td width=\"292\">,,Jezus z warszawskiej katedry\u2019\u2019<\/td>\n<td width=\"117\">II<\/td>\n<\/tr>\n<tr>\n<td width=\"38\">4.<\/td>\n<td width=\"213\">Baran Wiktoria<\/td>\n<td width=\"60\">3 d<\/td>\n<td width=\"292\">,,Aniele Bo\u017cy\u2019\u2019<\/td>\n<td width=\"117\">II<\/td>\n<\/tr>\n<tr>\n<td width=\"38\">5.<\/td>\n<td width=\"213\">Szary Jan<\/td>\n<td width=\"60\">4 b<\/td>\n<td width=\"292\">,,Zaufa\u0142em drodze\u2019\u2019<\/td>\n<td width=\"117\">III<\/td>\n<\/tr>\n<tr>\n<td width=\"38\">6.<\/td>\n<td width=\"213\">Giera\u0142t Nelly<\/td>\n<td width=\"60\">3 c<\/td>\n<td width=\"292\">,,Noc\u0105\u2019\u2019<\/td>\n<td width=\"117\">wyr\u00f3\u017cnienie<\/td>\n<\/tr>\n<tr>\n<td width=\"38\">7.<\/td>\n<td width=\"213\">Styrkowiec Anna<\/td>\n<td width=\"60\">3 d<\/td>\n<td width=\"292\">,,Lekarstwo dla z\u0142o\u015bnicy\u2019\u2019<\/td>\n<td width=\"117\">wyr\u00f3\u017cnienie<\/td>\n<\/tr>\n<\/tbody>\n<\/table>\n<p>KLASY V- VI<\/p>\n<table width=\"720\">\n<tbody>\n<tr>\n<td width=\"38\">l.p<\/td>\n<td width=\"213\">Nazwisko i imi\u0119<\/td>\n<td width=\"59\">Klasa<\/td>\n<td width=\"293\">Tytu\u0142 wiersza<\/td>\n<td width=\"117\">Miejsce<\/td>\n<\/tr>\n<tr>\n<td width=\"38\">1.<\/td>\n<td width=\"213\"><strong>Lisiak Karolina<\/strong><\/td>\n<td width=\"59\"><strong>5 c<\/strong><\/td>\n<td width=\"293\"><strong>,,Anio\u0142 graj\u0105cy na skrzypcach\u2019\u2019<\/strong><\/td>\n<td width=\"117\"><strong>I<\/strong><\/td>\n<\/tr>\n<tr>\n<td width=\"38\">2.<\/td>\n<td width=\"213\">Bielak Nina<\/td>\n<td width=\"59\">6 b<\/td>\n<td width=\"293\">,,G\u0142odny\u2019\u2019<\/td>\n<td width=\"117\">II<\/td>\n<\/tr>\n<tr>\n<td width=\"38\">3.<\/td>\n<td width=\"213\">Szablowska Julia<\/td>\n<td width=\"59\">6 b<\/td>\n<td width=\"293\">,,W Ogrodzie Oliwnym\u2019\u2019<\/td>\n<td width=\"117\">III<\/td>\n<\/tr>\n<tr>\n<td width=\"38\">4.<\/td>\n<td width=\"213\">Kurczab Magdalena<\/td>\n<td width=\"59\">5 b<\/td>\n<td width=\"293\">,,Na biurku\u2019\u2019<\/td>\n<td width=\"117\">wyr\u00f3\u017cnienie<\/td>\n<\/tr>\n<tr>\n<td width=\"38\">5.<\/td>\n<td width=\"213\">Nalepka Oliwia<\/td>\n<td width=\"59\">5 c<\/td>\n<td width=\"293\">,,Kubek\u2019\u2019<\/td>\n<td width=\"117\">wyr\u00f3\u017cnienie<\/td>\n<\/tr>\n<tr>\n<td width=\"38\">6.<\/td>\n<td width=\"213\">Zo\u0144 Ewa<\/td>\n<td width=\"59\">6 b<\/td>\n<td width=\"293\">,,Do moich uczni\u00f3w\u2019\u2019<\/td>\n<td width=\"117\">wyr\u00f3\u017cnienie<\/td>\n<\/tr>\n<\/tbody>\n<\/table>\n<p><strong>&nbsp;<\/strong><\/p>\n<p style=\"text-align: justify;\">A tak wspominaj\u0105 konkurs jego uczestnicy:<\/p>\n<p style=\"text-align: justify;\">,,O konkursie plastycznym po\u015bwi\u0119conym tw\u00f3rczo\u015bci ksi\u0119dza Jana Twardowskiego dowiedzia\u0142am si\u0119 od mojej Pani wychowawczyni, Eli Fryzowskiej. Pani Ela zaproponowa\u0142a uczniom z mojej klasy udzia\u0142 w konkursie. Poniewa\u017c lubi\u0119 rysowa\u0107 i malowa\u0107, bardzo ch\u0119tnie zg\u0142osi\u0142am si\u0119. Pani Ela przynios\u0142a nam do wyboru kilka wierszy. Najbardziej spodoba\u0142 mi si\u0119 wiersz pt. ,,Aniele Bo\u017cy\u2019\u2019, poniewa\u017c zaciekawi\u0142 mnie fragment: ,,Ty w\u0142a\u015bnie nie st\u00f3j przy mnie jak malowana lala ale ruszaj w te p\u0119dy&#8230;\u2019\u2019i od razu z Pani\u0105 El\u0105 wpad\u0142y\u015bmy na pomys\u0142, jak go namalowa\u0107. Dlatego ,,m\u00f3j\u2019\u2019 anio\u0142 to weso\u0142a dziewczynka z kucykami, kt\u00f3ra jest ca\u0142a bia\u0142a i na d\u0142oni trzyma czerwone serce, a jej buty s\u0105 du\u017ce i t\u0119czowe. Serce przedstawia mi\u0142o\u015b\u0107 i opiek\u0119 nad dzieckiem, a du\u017ce i t\u0119czowe buty ma po to, aby mog\u0142a dogoni\u0107 potrzebuj\u0105cego i zawsze przy nim by\u0107. Bardzo mi\u0142o wspominam czas sp\u0119dzony z Pani\u0105 wychowawczyni\u0105 i kole\u017cankami, kt\u00f3ry po\u015bwi\u0119ci\u0142am na malowanie. Chcia\u0142am bardzo podzi\u0119kowa\u0107 mojej wychowawczyni, Pani Eli za prac\u0119 ze mn\u0105 i po\u015bwi\u0119cony mi czas. Dzi\u0119kuj\u0119 tak\u017ce jurorom za docenienie mojej pracy i ocenienie jej tak wysoko. Gratuluj\u0119 zwyci\u0119zcom oraz wszystkim uczestnikom konkursu. Cieszmy si\u0119 t\u0105 chwil\u0105!\u2019\u2019.<\/p>\n<p>Wiktoria Baran, kl. III d<\/p>\n<p style=\"text-align: justify;\">,,Lubi\u0119 recytowa\u0107 wiersze, ale mimo \u017ce nie by\u0142 to m\u00f3j pierwszy publiczny wyst\u0119p, czu\u0142em odrobineczk\u0119 emocji.&nbsp;&nbsp;&nbsp;&nbsp;&nbsp;&nbsp;&nbsp;&nbsp;&nbsp;&nbsp;&nbsp; &nbsp;&nbsp;&nbsp;&nbsp;&nbsp;&nbsp;&nbsp;&nbsp;&nbsp;&nbsp;&nbsp;&nbsp;&nbsp;&nbsp;&nbsp;&nbsp;&nbsp;&nbsp;&nbsp;&nbsp;&nbsp;&nbsp;&nbsp;&nbsp;&nbsp;&nbsp;&nbsp;&nbsp;<\/p>\n<p style=\"text-align: justify;\">Do udzia\u0142u w konkursach recytatorskich mobilizowa\u0142a i wspiera\u0142a mnie moja by\u0142a wychowawczyni Pani mgr Renata Prz\u0119czek.<\/p>\n<p style=\"text-align: justify;\">Decyzja o wyborze tytu\u0142\u00f3w wierszy: ,,Nieszcz\u0119\u015bcie nie-nieszcz\u0119\u015bcie\u2019\u2019 oraz ,,Zaufa\u0142em drodze\u2019\u2019 by\u0142a spontaniczna, przypadkowa.<\/p>\n<p style=\"text-align: justify;\">Po kilkukrotnym przeczytaniu wiersza ,,Nieszcz\u0119\u015bcie nie-nieszcz\u0119\u015bcie\u2019\u2019 zrozumia\u0142em, \u017ce nie musimy si\u0119 smuci\u0107 po odej\u015bciu kogo\u015b bliskiego, poniewa\u017c jest on z nami mimo \u017ce go nie widzimy.<\/p>\n<p style=\"text-align: justify;\">Lubi\u0119 poezj\u0119 ks. Jana Twardowskiego, poniewa\u017c autor t\u0142umaczy nam w prosty spos\u00f3b sens ludzkiego \u017cycia, przemijania i \u015bmierci\u2019\u2019.<\/p>\n<p>Jan Szary, kl. IV b<\/p>\n<p style=\"text-align: justify;\">,,Dnia 17 stycznia 2018 roku w mojej szkole odby\u0142 si\u0119 konkurs poezji ks. Jana Twardowskiego, w kt\u00f3rym bra\u0142am udzia\u0142. Wiersz, kt\u00f3ry wybra\u0142am do recytacji, nosi\u0142 tytu\u0142<\/p>\n<p style=\"text-align: justify;\">\u201eKt\u00f3r\u0119dy\u201d. Autor tego tekstu pr\u00f3buje nam przekaza\u0107, \u017ce dotrze\u0107 do Pana Boga mo\u017cemy w r\u00f3\u017cny spos\u00f3b, czasami bardzo pokr\u0119conymi \u015bcie\u017ckami, ale mamy pewno\u015b\u0107, \u017ce zawsze na ko\u0144cu nich czeka na nas Zbawiciel. Wiersz ma niesamowite przes\u0142anie. Recytuj\u0105c go, mia\u0142am&nbsp; wra\u017cenie, jakbym zadawa\u0142a pytania samemu Panu Bogu. Poezja ksi\u0119dza Twardowskiego jest bardzo trudna do interpretacji, mimo to wszyscy uczestnicy konkursu przepi\u0119knie powiedzieli swoje wiersze\u2019\u2019.<\/p>\n<p>Jagoda \u017bo\u0142\u0105d\u017a, kl. VI b<\/p>\n<p style=\"text-align: justify;\">&nbsp;&nbsp;&nbsp;&nbsp;&nbsp;&nbsp;&nbsp;&nbsp;&nbsp;&nbsp;&nbsp; Serdecznie dzi\u0119kuj\u0119 wszystkim uczniom, kt\u00f3rzy wzi\u0119li udzia\u0142 w obu konkursach, wychowawcom klas, jak r\u00f3wnie\u017c rodzicom dzieci.<\/p>\n<p style=\"text-align: justify;\">Na zako\u0144czenie konkurs\u00f3w s\u0142owa uznania i podziwu dla wysi\u0142ku, zaanga\u017cowania uczni\u00f3w wyrazili: pani Wanda Siwek i ks. Alfons G\u00f3rowski. O tym, czego nale\u017cy unika\u0107 i jak pi\u0119knie recytowa\u0107, powiedzia\u0142a pani Katarzyna Krupa.<\/p>\n<p style=\"text-align: justify;\">Jestem ogromnie wdzi\u0119czna w imieniu uczestnik\u00f3w obu konkurs\u00f3w fundatorom nagr\u00f3d. A s\u0105 nimi w tym roku:<\/p>\n<p style=\"text-align: justify;\">&#8211; Rada Rodzic\u00f3w Szko\u0142y Podstawowej im. Stanis\u0142awa Staszica w Tuchowie,<\/p>\n<p style=\"text-align: justify;\">&#8211; Ks. Alfons G\u00f3rowski \u2013 Proboszcz Parafii pw. \u015awi\u0119tego Jakuba Aposto\u0142a,<\/p>\n<p style=\"text-align: justify;\">&#8211; O. Bogus\u0142aw Augustowski \u2013 Proboszcz i Kustosz Parafii pw. N.N.M.P. w Tuchowie.<\/p>\n<p>&nbsp;<\/p>\n<p style=\"text-align: justify;\"><strong>Zapraszam w przysz\u0142ym roku do kolejnej edycji konkurs\u00f3w. &nbsp;<\/strong><\/p>\n<p>&nbsp;<\/p>\n<p>Opracowa\u0142a Renata G\u0105sior<\/p>\n<p>&nbsp;<\/p>\n<div class=\"fb-post\" data-href=\"http:\/\/www.facebook.com\/sptuchow\/photos\/a.2055924081343772.1073741878.1791633114439538\/2055925738010273\/?type=3&#038;theater\" data-width=\"552\" style=\"background-color: #fff; display: inline-block;\"><\/div>\n","protected":false},"excerpt":{"rendered":"<p>Boga naj\u0142atwiej znajdziesz nie pisz\u0105c o Bogu (ks. Jan Twardowski fragment&nbsp; Nie tylko o czaplach) &nbsp; W dniu 17 stycznia<\/p>\n","protected":false},"author":4,"featured_media":0,"comment_status":"closed","ping_status":"closed","sticky":false,"template":"","format":"standard","meta":{"advanced_seo_description":"","jetpack_seo_html_title":"","jetpack_seo_noindex":false,"ngg_post_thumbnail":0,"_jetpack_newsletter_access":"","_jetpack_dont_email_post_to_subs":false,"_jetpack_newsletter_tier_id":0,"_jetpack_memberships_contains_paywalled_content":false,"_jetpack_memberships_contains_paid_content":false,"footnotes":""},"categories":[5],"tags":[],"class_list":["post-7868","post","type-post","status-publish","format-standard","hentry","category-aktualnosci"],"jetpack_featured_media_url":"","jetpack_sharing_enabled":true,"jetpack_shortlink":"https:\/\/wp.me\/pghmmV-22U","jetpack_likes_enabled":true,"jetpack-related-posts":[],"_links":{"self":[{"href":"https:\/\/sp.tuchow.pl\/index.php\/wp-json\/wp\/v2\/posts\/7868","targetHints":{"allow":["GET"]}}],"collection":[{"href":"https:\/\/sp.tuchow.pl\/index.php\/wp-json\/wp\/v2\/posts"}],"about":[{"href":"https:\/\/sp.tuchow.pl\/index.php\/wp-json\/wp\/v2\/types\/post"}],"author":[{"embeddable":true,"href":"https:\/\/sp.tuchow.pl\/index.php\/wp-json\/wp\/v2\/users\/4"}],"replies":[{"embeddable":true,"href":"https:\/\/sp.tuchow.pl\/index.php\/wp-json\/wp\/v2\/comments?post=7868"}],"version-history":[{"count":2,"href":"https:\/\/sp.tuchow.pl\/index.php\/wp-json\/wp\/v2\/posts\/7868\/revisions"}],"predecessor-version":[{"id":7872,"href":"https:\/\/sp.tuchow.pl\/index.php\/wp-json\/wp\/v2\/posts\/7868\/revisions\/7872"}],"wp:attachment":[{"href":"https:\/\/sp.tuchow.pl\/index.php\/wp-json\/wp\/v2\/media?parent=7868"}],"wp:term":[{"taxonomy":"category","embeddable":true,"href":"https:\/\/sp.tuchow.pl\/index.php\/wp-json\/wp\/v2\/categories?post=7868"},{"taxonomy":"post_tag","embeddable":true,"href":"https:\/\/sp.tuchow.pl\/index.php\/wp-json\/wp\/v2\/tags?post=7868"}],"curies":[{"name":"wp","href":"https:\/\/api.w.org\/{rel}","templated":true}]}}