{"id":5295,"date":"2016-08-29T16:12:06","date_gmt":"2016-08-29T14:12:06","guid":{"rendered":"http:\/\/zs.tuchow.pl\/?p=5295"},"modified":"2016-08-29T16:12:06","modified_gmt":"2016-08-29T14:12:06","slug":"zs-rozpoczecie-roku-szkolnego-20162017-dla-uczniow-sp-i-gim","status":"publish","type":"post","link":"https:\/\/sp.tuchow.pl\/index.php\/2016\/08\/29\/zs-rozpoczecie-roku-szkolnego-20162017-dla-uczniow-sp-i-gim\/","title":{"rendered":"ZS -> Rozpocz\u0119cie roku szkolnego 2016\/2017 dla uczni\u00f3w SP i GIM"},"content":{"rendered":"<p><strong>Uroczyste rozpocz\u0119cie roku szkolnego 2016\/2017 odb\u0119dzie si\u0119 w dniu 01 wrze\u015bnia 2016 roku (czwartek).<\/strong><\/p>\n<p><strong>Msza \u015bwi\u0119ta dla uczni\u00f3w gimnazjum zostanie odprawiona w Bazylice Mniejszej NNMP o 8:00,\u00a0\u00a0natomiast msza \u015bwi\u0119ta dla uczni\u00f3w szko\u0142y podstawowej zostanie odprawiona w parafii pw. \u015aw. Jakuba Starszego Aposto\u0142a o godz. 10:00. <\/strong><br \/>\n<strong>Nast\u0119pnie pod opiek\u0105 wychowawc\u00f3w uczniowie przejd\u0105 do hali MOSiR.<\/strong><\/p>\n<p>W tym dniu nie ma dowoz\u00f3w i odwoz\u00f3w uczni\u00f3w.<\/p>\n<p>&nbsp;<\/p>\n","protected":false},"excerpt":{"rendered":"<p>Uroczyste rozpocz\u0119cie roku szkolnego 2016\/2017 odb\u0119dzie si\u0119 w dniu 01 wrze\u015bnia 2016 roku (czwartek). Msza \u015bwi\u0119ta dla uczni\u00f3w gimnazjum zostanie<\/p>\n","protected":false},"author":4,"featured_media":0,"comment_status":"closed","ping_status":"closed","sticky":false,"template":"","format":"standard","meta":{"advanced_seo_description":"","jetpack_seo_html_title":"","jetpack_seo_noindex":false,"ngg_post_thumbnail":0,"_jetpack_newsletter_access":"","_jetpack_dont_email_post_to_subs":false,"_jetpack_newsletter_tier_id":0,"_jetpack_memberships_contains_paywalled_content":false,"_jetpack_memberships_contains_paid_content":false,"footnotes":""},"categories":[5],"tags":[],"class_list":["post-5295","post","type-post","status-publish","format-standard","hentry","category-aktualnosci"],"jetpack_featured_media_url":"","jetpack_sharing_enabled":true,"jetpack_shortlink":"https:\/\/wp.me\/pghmmV-1np","jetpack_likes_enabled":true,"jetpack-related-posts":[],"_links":{"self":[{"href":"https:\/\/sp.tuchow.pl\/index.php\/wp-json\/wp\/v2\/posts\/5295","targetHints":{"allow":["GET"]}}],"collection":[{"href":"https:\/\/sp.tuchow.pl\/index.php\/wp-json\/wp\/v2\/posts"}],"about":[{"href":"https:\/\/sp.tuchow.pl\/index.php\/wp-json\/wp\/v2\/types\/post"}],"author":[{"embeddable":true,"href":"https:\/\/sp.tuchow.pl\/index.php\/wp-json\/wp\/v2\/users\/4"}],"replies":[{"embeddable":true,"href":"https:\/\/sp.tuchow.pl\/index.php\/wp-json\/wp\/v2\/comments?post=5295"}],"version-history":[{"count":1,"href":"https:\/\/sp.tuchow.pl\/index.php\/wp-json\/wp\/v2\/posts\/5295\/revisions"}],"predecessor-version":[{"id":5296,"href":"https:\/\/sp.tuchow.pl\/index.php\/wp-json\/wp\/v2\/posts\/5295\/revisions\/5296"}],"wp:attachment":[{"href":"https:\/\/sp.tuchow.pl\/index.php\/wp-json\/wp\/v2\/media?parent=5295"}],"wp:term":[{"taxonomy":"category","embeddable":true,"href":"https:\/\/sp.tuchow.pl\/index.php\/wp-json\/wp\/v2\/categories?post=5295"},{"taxonomy":"post_tag","embeddable":true,"href":"https:\/\/sp.tuchow.pl\/index.php\/wp-json\/wp\/v2\/tags?post=5295"}],"curies":[{"name":"wp","href":"https:\/\/api.w.org\/{rel}","templated":true}]}}