{"id":1863,"date":"2016-04-16T09:11:19","date_gmt":"2016-04-16T07:11:19","guid":{"rendered":"http:\/\/zs.tuchow.pl\/?p=1863"},"modified":"2016-04-16T09:12:45","modified_gmt":"2016-04-16T07:12:45","slug":"zs-harmonogram-pracy-szkoly-w-dniach-1819-i-20-kwietnia-poniedzialek-sroda","status":"publish","type":"post","link":"https:\/\/sp.tuchow.pl\/index.php\/2016\/04\/16\/zs-harmonogram-pracy-szkoly-w-dniach-1819-i-20-kwietnia-poniedzialek-sroda\/","title":{"rendered":"ZS -> Harmonogram pracy szko\u0142y w dniach 18,19 i 20 kwietnia (poniedzia\u0142ek &#8211; \u015broda)."},"content":{"rendered":"<p>W dniach <strong>18, 19 i 20\u00a0 kwietnia 2016<\/strong>\u00a0 roku klasy <strong>III Gimnazjum<\/strong> pisz\u0105\u00a0 <strong>egzaminy zewn\u0119trzne<\/strong>. W tych\u00a0 dniach\u00a0 uczniowie kl. III Gim. przychodz\u0105 do szko\u0142y na godzin\u0119<strong> 8<sup>00<\/sup><\/strong> w galowym\u00a0 stroju i udaj\u0105 si\u0119 do wyznaczonych sal.<\/p>\n<p><strong>\u00a0<\/strong><\/p>\n<p><strong>Harmonogram dowozu dla uczni\u00f3w kl. III gimnazjum:<\/strong><\/p>\n<table style=\"height: 280px;\" width=\"490\">\n<tbody>\n<tr>\n<td style=\"text-align: left;\" rowspan=\"2\" width=\"102\"><strong>dzie\u0144<\/strong><\/td>\n<td style=\"text-align: left;\" colspan=\"2\" width=\"209\"><strong>dow\u00f3z<\/strong><\/td>\n<td style=\"text-align: left;\" colspan=\"2\" width=\"216\"><strong>Odw\u00f3z<\/strong><\/td>\n<\/tr>\n<tr>\n<td style=\"text-align: left;\" width=\"109\"><strong>Kielanowice<\/strong><\/td>\n<td style=\"text-align: left;\" width=\"100\"><strong>D\u0105br\u00f3wka Tuchowska<\/strong><\/td>\n<td style=\"text-align: left;\" width=\"112\">\n<p style=\"text-align: center;\"><strong>Kielanowice<\/strong><\/p>\n<\/td>\n<td style=\"text-align: left;\" width=\"104\"><strong>D\u0105br\u00f3wka Tuchowska<\/strong><\/td>\n<\/tr>\n<tr>\n<td style=\"text-align: left;\" width=\"102\"><strong>18.04.2016<\/strong><\/td>\n<td style=\"text-align: left;\" width=\"109\">7<sup>15<\/sup><\/td>\n<td style=\"text-align: left;\" width=\"100\">7<sup>45<\/sup><\/td>\n<td style=\"text-align: left;\" width=\"112\">13<sup>00<\/sup><\/td>\n<td style=\"text-align: left;\" width=\"104\">13<sup>00<\/sup><\/td>\n<\/tr>\n<tr>\n<td style=\"text-align: left;\" width=\"102\"><strong>19.04.2016<\/strong><\/td>\n<td style=\"text-align: left;\" width=\"109\">7<sup>15<\/sup><\/td>\n<td style=\"text-align: left;\" width=\"100\">7<sup>45<\/sup><\/td>\n<td style=\"text-align: left;\" width=\"112\">13<sup>00<\/sup><\/td>\n<td style=\"text-align: left;\" width=\"104\">13<sup>00<\/sup><\/td>\n<\/tr>\n<tr>\n<td style=\"text-align: left;\" width=\"102\"><strong>20.04.2016<\/strong><\/td>\n<td style=\"text-align: left;\" width=\"109\">7<sup>40<\/sup><\/td>\n<td style=\"text-align: left;\" width=\"100\">7<sup>45<\/sup><\/td>\n<td style=\"text-align: left;\" width=\"112\">12<sup>30<\/sup><\/td>\n<td style=\"text-align: left;\" width=\"104\">12<sup>30<\/sup><\/td>\n<\/tr>\n<\/tbody>\n<\/table>\n<p>&nbsp;<\/p>\n<p>Dla uczni\u00f3w <strong>klas I Gimnazjum,<\/strong> s\u0105 to dni <strong><u>wolne od zaj\u0119\u0107 dydaktycznych<\/u>. <\/strong><\/p>\n<p>W tych dniach uczniowie <strong><u>klas II Gimnazjum<\/u>,<\/strong> przychodz\u0105 do szko\u0142y w strojach galowych <u>na <strong>pr\u00f3bne egzaminy gimnazjalne,<\/strong><\/u><\/p>\n<p><strong>Harmonogram dowozu dla uczni\u00f3w kl. II gimnazjum:<\/strong><\/p>\n<table>\n<tbody>\n<tr>\n<td rowspan=\"2\" width=\"102\"><strong>dzie\u0144<\/strong><\/td>\n<td colspan=\"2\" width=\"198\"><strong>dow\u00f3z<\/strong><\/td>\n<td colspan=\"2\" width=\"227\"><strong>odw\u00f3z<\/strong><\/td>\n<\/tr>\n<tr>\n<td width=\"104\"><strong>Kielanowice<\/strong><\/td>\n<td width=\"95\"><strong>D\u0105br\u00f3wka Tuchowska<\/strong><\/td>\n<td width=\"113\"><strong>Kielanowice<\/strong><\/td>\n<td width=\"113\"><strong>D\u0105br\u00f3wka Tuchowska<\/strong><\/td>\n<\/tr>\n<tr>\n<td width=\"102\"><strong>18.04.2016<\/strong><\/td>\n<td style=\"text-align: center;\" width=\"104\">13<sup>05<\/sup><\/td>\n<td style=\"text-align: center;\" width=\"95\">13<sup>10<\/sup><\/td>\n<td style=\"text-align: center;\" width=\"113\">16<sup>20<\/sup><\/td>\n<td style=\"text-align: center;\" width=\"113\">16<sup>20<\/sup><\/td>\n<\/tr>\n<tr>\n<td width=\"102\"><strong>19.04.2016<\/strong><\/td>\n<td style=\"text-align: center;\" width=\"104\">13<sup>05<\/sup><\/td>\n<td style=\"text-align: center;\" width=\"95\">13<sup>10<\/sup><\/td>\n<td style=\"text-align: center;\" width=\"113\">16<sup>20<\/sup><\/td>\n<td style=\"text-align: center;\" width=\"113\">16<sup>20<\/sup><\/td>\n<\/tr>\n<tr>\n<td width=\"102\"><strong>20.04.2016<\/strong><\/td>\n<td style=\"text-align: center;\" width=\"104\">12<sup>35<\/sup><\/td>\n<td style=\"text-align: center;\" width=\"95\">12<sup>40<\/sup><\/td>\n<td style=\"text-align: center;\" width=\"113\">15<sup>50<\/sup><\/td>\n<td style=\"text-align: center;\" width=\"113\">15<sup>50<\/sup><\/td>\n<\/tr>\n<\/tbody>\n<\/table>\n<p>&nbsp;<\/p>\n<p>W dniach <strong>18, 19 kwietnia 2016 r.<\/strong> uczniowie Szko\u0142y Podstawowej pracuj\u0105 <span style=\"text-decoration: underline;\">wg swojego planu lekcji.<\/span><\/p>\n<p><strong>Wszyscy uczniowie proszeni s\u0105 o zachowanie ciszy i pozostawanie podczas przerw na swoich korytarzach. <\/strong><\/p>\n<p>Lekcje <strong>wf \u2013 u <\/strong>\u00a0b\u0119d\u0105 odbywa\u0142y si\u0119\u00a0 na boisku szkolnym, a w razie niepogody w salach lekcyjnych.<\/p>\n<p>&nbsp;<\/p>\n<p><strong><u>20 kwietnia 2016 r. tj.<\/u><\/strong><strong> \u015broda jest dniem wolnym od zaj\u0119\u0107 dydaktycznych dla uczni\u00f3w szko\u0142y podstawowej.<\/strong><\/p>\n<p>\u015awietlica czynna od poniedzia\u0142ku do pi\u0105tku w godzinach<strong> 6<sup>45<\/sup> \u2013 16<sup>30<\/sup><\/strong> .<\/p>\n<p>Obiady b\u0119d\u0105 wydawane w\u00a0<strong>poniedzia\u0142ek <\/strong>i\u00a0 <strong>wtorek<\/strong> od godz. <strong>11<sup>30<\/sup>. <\/strong><\/p>\n<p><strong>W \u015brod\u0119 sto\u0142\u00f3wka szkolna i sklepik b\u0119d\u0105 nieczynne.<\/strong><\/p>\n","protected":false},"excerpt":{"rendered":"<p>W dniach 18, 19 i 20\u00a0 kwietnia 2016\u00a0 roku klasy III Gimnazjum pisz\u0105\u00a0 egzaminy zewn\u0119trzne. W tych\u00a0 dniach\u00a0 uczniowie kl.<\/p>\n","protected":false},"author":4,"featured_media":0,"comment_status":"closed","ping_status":"closed","sticky":false,"template":"","format":"standard","meta":{"advanced_seo_description":"","jetpack_seo_html_title":"","jetpack_seo_noindex":false,"ngg_post_thumbnail":0,"_jetpack_newsletter_access":"","_jetpack_dont_email_post_to_subs":false,"_jetpack_newsletter_tier_id":0,"_jetpack_memberships_contains_paywalled_content":false,"_jetpack_memberships_contains_paid_content":false,"footnotes":""},"categories":[5],"tags":[],"class_list":["post-1863","post","type-post","status-publish","format-standard","hentry","category-aktualnosci"],"jetpack_featured_media_url":"","jetpack_sharing_enabled":true,"jetpack_shortlink":"https:\/\/wp.me\/pghmmV-u3","jetpack_likes_enabled":true,"jetpack-related-posts":[],"_links":{"self":[{"href":"https:\/\/sp.tuchow.pl\/index.php\/wp-json\/wp\/v2\/posts\/1863","targetHints":{"allow":["GET"]}}],"collection":[{"href":"https:\/\/sp.tuchow.pl\/index.php\/wp-json\/wp\/v2\/posts"}],"about":[{"href":"https:\/\/sp.tuchow.pl\/index.php\/wp-json\/wp\/v2\/types\/post"}],"author":[{"embeddable":true,"href":"https:\/\/sp.tuchow.pl\/index.php\/wp-json\/wp\/v2\/users\/4"}],"replies":[{"embeddable":true,"href":"https:\/\/sp.tuchow.pl\/index.php\/wp-json\/wp\/v2\/comments?post=1863"}],"version-history":[{"count":2,"href":"https:\/\/sp.tuchow.pl\/index.php\/wp-json\/wp\/v2\/posts\/1863\/revisions"}],"predecessor-version":[{"id":1865,"href":"https:\/\/sp.tuchow.pl\/index.php\/wp-json\/wp\/v2\/posts\/1863\/revisions\/1865"}],"wp:attachment":[{"href":"https:\/\/sp.tuchow.pl\/index.php\/wp-json\/wp\/v2\/media?parent=1863"}],"wp:term":[{"taxonomy":"category","embeddable":true,"href":"https:\/\/sp.tuchow.pl\/index.php\/wp-json\/wp\/v2\/categories?post=1863"},{"taxonomy":"post_tag","embeddable":true,"href":"https:\/\/sp.tuchow.pl\/index.php\/wp-json\/wp\/v2\/tags?post=1863"}],"curies":[{"name":"wp","href":"https:\/\/api.w.org\/{rel}","templated":true}]}}