{"id":1854,"date":"2016-04-13T20:24:49","date_gmt":"2016-04-13T18:24:49","guid":{"rendered":"http:\/\/zs.tuchow.pl\/?p=1854"},"modified":"2016-04-19T20:35:42","modified_gmt":"2016-04-19T18:35:42","slug":"sp-tatrzanskie-zauroczenia-czyli-o-sukcesie-literackim-naszych-uczniow","status":"publish","type":"post","link":"https:\/\/sp.tuchow.pl\/index.php\/2016\/04\/13\/sp-tatrzanskie-zauroczenia-czyli-o-sukcesie-literackim-naszych-uczniow\/","title":{"rendered":"SP -> Tatrza\u0144skie zauroczenia, czyli o sukcesie literackim naszych uczni\u00f3w"},"content":{"rendered":"<p style=\"text-align: right;\"><em>Graniami szed\u0142bym tak jak drzewiej &#8211;<\/em><em><br \/>\nOd Kie\u017cmarskiego po Rohacze &#8211;<br \/>\nW doliny patrze\u0107, stacza\u0107 boje<br \/>\nW halnego wichru dzikim wiewie,<br \/>\nS\u0142ucha\u0107, jak woda w \u015bcianach p\u0142acze&#8230;<br \/>\nO serce, serce! Tatry moje!<\/em><\/p>\n<p style=\"text-align: right;\"><strong>Mariusz Zaruski &#8222;Gdy przyjdzie pora&#8221;<\/strong><\/p>\n<p>&nbsp;<\/p>\n<p>7 kwietnia 2016 r. w Ku\u017anicach \u2013 Zakopanem, w siedzibie dyrekcji Tatrza\u0144skiego Parku Narodowego odby\u0142o si\u0119 uroczyste podsumowanie <strong>XI edycji Ma\u0142opolskiego Konkursu Literackiego ,,Na tatrza\u0144skim szlaku\u2019\u2019. <\/strong>Konkurs jest obj\u0119ty patronatem Ma\u0142opolskiego Kuratorium O\u015bwiaty.<\/p>\n<p>&nbsp;<\/p>\n<p>Uroczysto\u015b\u0107 prowadzili: Ma\u0142gorzata i Marek Kotowie, przesympatyczne ma\u0142\u017ce\u0144stwo, pracownicy TPN. Obecni byli wsp\u00f3\u0142organizatorzy konkursu: dyrekcja i nauczyciele ZS w Poroninie, jak r\u00f3wnie\u017c w\u0142adze gminy Poronin.<\/p>\n<p><strong>W kategorii klas IV \u2013 VI udzia\u0142 wzi\u0119\u0142o 222 uczni\u00f3w. Laureatami Zespo\u0142u Szk\u00f3\u0142 w Tuchowie zostali:<\/strong><\/p>\n<p><strong>Jakub J\u00f3zef R\u00f3\u017cycki z kl. IV b \u2013 zaj\u0105\u0142 I miejsce (opis prze\u017cy\u0107 wewn\u0119trznych)<\/strong><\/p>\n<p><strong>Julia Grzenia z kl. VI a \u2013 wyr\u00f3\u017cnienie (kartka z pami\u0119tnika). <\/strong><\/p>\n<p>Tematem konkursu by\u0142y: zachwyt i mi\u0142o\u015b\u0107 do Tatr, refleksja nad pi\u0119knem i magi\u0105 tego wyj\u0105tkowego miejsca, stosunek cz\u0142owieka do dar\u00f3w natury oraz perspektywy i zagro\u017cenia g\u00f3rskiej przyrody.<\/p>\n<p>W tym roku uczniowie mieli do wyboru nast\u0119puj\u0105ce formy wypowiedzi:<\/p>\n<p>&#8211; <strong>kartka z pami\u0119tnika <\/strong>nawi\u0105zuj\u0105ca tematycznie do my\u015bli zawartej w zacytowanym fragmencie wiersza Mariusza Zaruskiego;<\/p>\n<p>&#8211; <strong>opis prze\u017cy\u0107 wewn\u0119trznych <\/strong>inspirowanych w\u0119dr\u00f3wk\u0105 po Tatrach;<\/p>\n<p>&#8211; <strong>wiersz<\/strong> ukazuj\u0105cy pi\u0119kno tatrza\u0144skiej przyrody.<\/p>\n<p>&nbsp;<\/p>\n<p>Serdecznie dzi\u0119kuj\u0119 Panu Dyrektorowi J\u00f3zefowi Wzorkowi w imieniu w\u0142asnym, Julii i Jakuba oraz szcz\u0119\u015bliwych rodzic\u00f3w za zorganizowanie wyjazdu do Zakopanego.<\/p>\n<p>A oto relacje naszych laureat\u00f3w:<\/p>\n<p>***<\/p>\n<p>W Zakopanem bardzo mi si\u0119 podoba\u0142o. Po 3 godz. jazdy znale\u017ali\u015bmy si\u0119 przed siedzib\u0105 dyrekcji TPN w Ku\u017anicach, tu\u017c przed wyci\u0105giem na Kasprowy Wierch. Od razu przywita\u0142a nas mi\u0142a pani nauczycielka z Poronina. Po zaparkowaniu auta weszli\u015bmy do budynku. Najpierw ka\u017cdy uczestnik i opiekun dostawali bluzki z napisem: ,,Serce! Serce! Tatry moje!,\u201d z sercem i wizerunkiem g\u00f3rala. Nast\u0119pnie pan Marek Kot wraz z \u017con\u0105 zaprosili do pocz\u0119stunku. Zajadali\u015bmy chyba najlepsze na \u015bwiecie kanapki. I kruche ciastka. Nie zabrak\u0142o napoj\u00f3w. A wszystko na tarasie z widokiem na g\u00f3ry. Przyjechali\u015bmy wcze\u015bnie, wi\u0119c mogli\u015bmy odpocz\u0105\u0107 po d\u0142ugiej podr\u00f3\u017cy.<\/p>\n<p>Gdy zacz\u0119\u0142a si\u0119 gala rozdania nagr\u00f3d, zaj\u0119li\u015bmy miejsca. Wszyscy byli podekscytowani. Po wr\u0119czeniu nagr\u00f3d pan Marek Kot zaproponowa\u0142 nam oprowadzenie po zespole dworsko \u2013 parkowym, w Ku\u017anicach, gdzie dawniej mie\u015bci\u0142a si\u0119 szko\u0142a dla dziewcz\u0105t. Za\u0142o\u017cycielami tej szko\u0142y i Ku\u017anic byli Zamoyscy. Podczas zwiedzania uratowali\u015bmy \u017caby, kt\u00f3re wpad\u0142y do zag\u0142\u0119bienia. Ogl\u0105dali\u015bmy kamienne schody, fontann\u0119 otoczon\u0105 \u017celazn\u0105 obr\u0119cz\u0105. Podziwiali\u015bmy w muzeum wypchane zwierz\u0119ta. Te zwierz\u0119ta zosta\u0142y upolowane przez Antoniego Kocyana. Zobaczyli\u015bmy zwierz\u0119ta du\u017ce (jele\u0144, nied\u017awied\u017a, wilk, dzik, orze\u0142) i ma\u0142e (niezwyk\u0142e okazy ptak\u00f3w). Zbiory tej kolekcji zachwyci\u0142y mnie. Pogoda nam zrobi\u0142a niespodziank\u0119, bo po wyj\u015bciu z muzeum przesta\u0142o pada\u0107 i za\u015bwieci\u0142o s\u0142o\u0144ce. Odwiedzili\u015bmy jeszcze Spichlerz i kaplic\u0119 Zamoyskich pod wezwaniem Matki Bo\u017cej Dobrej Rady. Ogl\u0105dali\u015bmy stare fotografie.<\/p>\n<p>Po oprowadzeniu skorzystali\u015bmy z okazji i wyjechali\u015bmy na Kasprowy Wierch. By\u0142o wspaniale! Kolejka chodzi\u0142a g\u0142adko i bezszelestnie! Na Kasprowym (le\u017ca\u0142 \u015bnieg) zrobili\u015bmy pami\u0105tkowe zdj\u0119cia. I zjechali\u015bmy z powrotem. Pi\u0119kne by\u0142y widoki! Z \u017calem schodzili\u015bmy na d\u00f3\u0142. Odwiedzili\u015bmy jeszcze Krup\u00f3wki i kupili\u015bmy troch\u0119 oscypk\u00f3w.<\/p>\n<p>W Zakopanem bardzo mi si\u0119 podoba\u0142o. Go\u015bcinno\u015b\u0107 organizator\u00f3w konkursu wywar\u0142a na mnie wra\u017cenie. Mam nadziej\u0119, \u017ce odwiedz\u0119 jeszcze Tatry\u2026(Julia Grzenia)<\/p>\n<p>***<\/p>\n<p>W czwartkowy ranek ja i moja kole\u017canka Julka udali\u015bmy si\u0119 do Zakopanego na rozstrzygni\u0119cie konkursu literackiego \u201eNa tatrza\u0144skim szlaku\u201d. Towarzyszy\u0142a nam pani Renata G\u0105sior i rodzice. Na miejscu zostali\u015bmy przyj\u0119ci z g\u00f3ralsk\u0105 go\u015bcinno\u015bci\u0105. Z wielk\u0105 niecierpliwo\u015bci\u0105 czekali\u015bmy na wyniki konkursu, bo wcze\u015bniej ich nie znali\u015bmy. Nie mog\u0142em uwierzy\u0107 w\u0142asnym oczom, gdy zobaczy\u0142em na tablicy, \u017ce zaj\u0105\u0142em I miejsce w swojej kategorii. By\u0142em bardzo zaskoczony i szcz\u0119\u015bliwy. M\u00f3j tata by\u0142 ze mnie bardzo dumny, a pani z wielk\u0105 rado\u015bci\u0105 pogratulowa\u0142a mi sukcesu. Po wr\u0119czeniu atrakcyjnych nagr\u00f3d pracownicy Tatrza\u0144skiego Parku Narodowego zapoznali nas z histori\u0105 Ku\u017anic.<\/p>\n<p>Nasi opiekunowie postanowili wynagrodzi\u0107 nam nasz trud, zabieraj\u0105c nas na Kasprowy Wierch. Widoki by\u0142y nieziemskie!!! Widzia\u0142em Giewont i ca\u0142e Zakopane z g\u00f3ry.<\/p>\n<p>Mimo \u017ce by\u0142em w Tatrach wielokrotnie, kolejk\u0105 na Kasprowy Wierch jecha\u0142em po raz pierwszy w \u017cyciu.<\/p>\n<p>Nast\u0119pnie udali\u015bmy si\u0119 na Krup\u00f3wki. Po spacerze pe\u0142ni wra\u017ce\u0144 wr\u00f3cili\u015bmy do dom\u00f3w. Jestem pewien, \u017ce ten wyjazd na d\u0142ugo pozostanie w mej pami\u0119ci. (Jakub J\u00f3zef R\u00f3\u017cycki)<\/p>\n<p>Opracowa\u0142a Renata G\u0105sior<\/p>\n<p>[Not a valid template]<\/p>\n<p>&nbsp;<\/p>\n","protected":false},"excerpt":{"rendered":"<p>Graniami szed\u0142bym tak jak drzewiej &#8211; Od Kie\u017cmarskiego po Rohacze &#8211; W doliny patrze\u0107, stacza\u0107 boje W halnego wichru dzikim<\/p>\n","protected":false},"author":4,"featured_media":0,"comment_status":"closed","ping_status":"closed","sticky":false,"template":"","format":"standard","meta":{"advanced_seo_description":"","jetpack_seo_html_title":"","jetpack_seo_noindex":false,"ngg_post_thumbnail":0,"_jetpack_newsletter_access":"","_jetpack_dont_email_post_to_subs":false,"_jetpack_newsletter_tier_id":0,"_jetpack_memberships_contains_paywalled_content":false,"_jetpack_memberships_contains_paid_content":false,"footnotes":""},"categories":[5],"tags":[],"class_list":["post-1854","post","type-post","status-publish","format-standard","hentry","category-aktualnosci"],"jetpack_featured_media_url":"","jetpack_sharing_enabled":true,"jetpack_shortlink":"https:\/\/wp.me\/pghmmV-tU","jetpack_likes_enabled":true,"jetpack-related-posts":[],"_links":{"self":[{"href":"https:\/\/sp.tuchow.pl\/index.php\/wp-json\/wp\/v2\/posts\/1854","targetHints":{"allow":["GET"]}}],"collection":[{"href":"https:\/\/sp.tuchow.pl\/index.php\/wp-json\/wp\/v2\/posts"}],"about":[{"href":"https:\/\/sp.tuchow.pl\/index.php\/wp-json\/wp\/v2\/types\/post"}],"author":[{"embeddable":true,"href":"https:\/\/sp.tuchow.pl\/index.php\/wp-json\/wp\/v2\/users\/4"}],"replies":[{"embeddable":true,"href":"https:\/\/sp.tuchow.pl\/index.php\/wp-json\/wp\/v2\/comments?post=1854"}],"version-history":[{"count":3,"href":"https:\/\/sp.tuchow.pl\/index.php\/wp-json\/wp\/v2\/posts\/1854\/revisions"}],"predecessor-version":[{"id":2317,"href":"https:\/\/sp.tuchow.pl\/index.php\/wp-json\/wp\/v2\/posts\/1854\/revisions\/2317"}],"wp:attachment":[{"href":"https:\/\/sp.tuchow.pl\/index.php\/wp-json\/wp\/v2\/media?parent=1854"}],"wp:term":[{"taxonomy":"category","embeddable":true,"href":"https:\/\/sp.tuchow.pl\/index.php\/wp-json\/wp\/v2\/categories?post=1854"},{"taxonomy":"post_tag","embeddable":true,"href":"https:\/\/sp.tuchow.pl\/index.php\/wp-json\/wp\/v2\/tags?post=1854"}],"curies":[{"name":"wp","href":"https:\/\/api.w.org\/{rel}","templated":true}]}}