{"id":1719,"date":"2016-04-06T20:42:58","date_gmt":"2016-04-06T18:42:58","guid":{"rendered":"http:\/\/zs.tuchow.pl\/?p=1719"},"modified":"2023-08-03T08:42:44","modified_gmt":"2023-08-03T06:42:44","slug":"gim-kilka-slow-o-prezentacji-projektow-edukacyjnych-w-gimnazjum","status":"publish","type":"post","link":"https:\/\/sp.tuchow.pl\/index.php\/2016\/04\/06\/gim-kilka-slow-o-prezentacji-projektow-edukacyjnych-w-gimnazjum\/","title":{"rendered":"GIM -> Kilka s\u0142\u00f3w o prezentacji projekt\u00f3w edukacyjnych w Gimnazjum"},"content":{"rendered":"<p><strong>5 kwietnia 2016 r. o godz. 16<sup>00 <\/sup>w naszym Gimnazjum odby\u0142a si\u0119 publiczna prezentacja obowi\u0105zkowych projekt\u00f3w edukacyjnych klas II. Wyst\u0105pi\u0142o 19 grup uczniowskich, kt\u00f3re w obecno\u015bci rodzic\u00f3w, dyrekcji szko\u0142y, nauczycieli-opiekun\u00f3w projekt\u00f3w oraz wychowawc\u00f3w przedstawi\u0142y rezultaty swej 3-miesi\u0119cznej pracy. Prezentacj\u0119 zaszczycili go\u015bcie specjalni: Burmistrz Tuchowa pan Adam Drogo\u015b &#8211; jako bohater projektu \u201eZnani, lubiani i podziwiani, czyli spotkania z ciekawymi tuchowianami\u201d opowiedzia\u0142 m\u0142odzie\u017cy o obowi\u0105zkach gospodarza gminy &#8211; oraz pani Ewa Stanis\u0142awczyk udzielaj\u0105ca wywiadu w projekcie \u201e\u015aw. Jan Pawe\u0142 II wzorem kap\u0142a\u0144stwa\u201d.&nbsp;&nbsp;&nbsp;<\/strong><\/p>\n<p>W tym roku szkolnym wiod\u0105cym tematem projekt\u00f3w by\u0142o <strong>doradztwo zawodowe<\/strong>.<\/p>\n<p>W ramach tej problematyki uczniowie zaprezentowali sylwetki wielkich Polak\u00f3w \u2013 pasjonat\u00f3w swej pracy, ludzi, kt\u00f3rzy \u017cyli albo \u017cyj\u0105 zgodnie z dewiz\u0105: \u201eOdkryj, co lubisz robi\u0107, a nigdy nie b\u0119dziesz musia\u0142 pracowa\u0107\u201d. W tej grupie tematycznej drugoklasi\u015bci jako bohater\u00f3w projekt\u00f3w wybrali: Jana Paw\u0142a II, Andrzeja Wajd\u0119, Ryszarda Kapu\u015bci\u0144skiego, Marka Kami\u0144skiego, polskich matematyk\u00f3w: Stefana Banacha, Zofi\u0119 Krygowsk\u0105 oraz Miros\u0142awa Barana, prof. Zbigniewa Relig\u0119, Mari\u0119 Sk\u0142odowsk\u0105-Curie. Gimnazjali\u015bci w bardzo pomys\u0142owy spos\u00f3b przybli\u017cyli ich \u017cycie oraz dokonania \u2013 by\u0142y zdj\u0119cia, ksi\u0105\u017cki, wywiady, opinie innych os\u00f3b (najcz\u0119\u015bciej wsp\u00f3\u0142pracownik\u00f3w), fragmenty film\u00f3w, sonda uliczna, quiz, has\u0142a ilustruj\u0105ce najwa\u017cniejsze idee, matematyczne zadanie dla publiczno\u015bci, scenki, w tym transplantacja serca wykonana na \u017cywo.<\/p>\n<p>Inn\u0105 grup\u0119 stanowi\u0142y projekty prezentuj\u0105ce konkretne zawody. M\u0142odzie\u017c przedstawi\u0142a prac\u0119 trenera oraz pokazane p\u00f3l \u017cartem, p\u00f3\u0142 serio profesje: stra\u017caka, dziennikarza, kucharza, kelnera. Najwi\u0119kszy aplauz widowni wzbudzi\u0142y kabaretowe popisy uczni\u00f3w wcielaj\u0105cych si\u0119 w m.in. w Magd\u0119 Gessler czy El\u017cbiet\u0119 Jaworowicz oraz drama ukazuj\u0105ca akcj\u0119 w wykonaniu stra\u017cak\u00f3w.<\/p>\n<p>Tematem projektu sta\u0142y si\u0119 r\u00f3wnie\u017c zawody gin\u0105ce. Drugoklasi\u015bci nagrali filmy z wywiadami, w kt\u00f3rych przedstawiciele rzemios\u0142 odchodz\u0105cych powoli w przesz\u0142o\u015b\u0107 (kowal, zegarmistrz, masarz, stolarz, szewc) opowiadaj\u0105 o swojej pracy. Materia\u0142y te, jako cenne \u015bwiadectwo przemijaj\u0105cego ju\u017c \u015bwiata, zosta\u0142y przekazane do Muzeum Miejskiego w Tuchowie.<\/p>\n<p>Wa\u017cny z punktu widzenia doradztwa zawodowego by\u0142 projekt, w kt\u00f3rym uczniowie w nagranym przez siebie filmiku z du\u017cym humorem pokazali, jak dobrze wypa\u015b\u0107 na rozmowie kwalifikacyjnej. Inna z kolei grupa, wychodz\u0105c naprzeciw czasom wsp\u00f3\u0142czesnym, u\u015bwiadomi\u0142a, jak wa\u017cna jest znajomo\u015b\u0107 j\u0119zyka w sytuacji, gdy zmuszeni jeste\u015bmy lub chcemy podj\u0105\u0107 prac\u0119 za granic\u0105.<\/p>\n<p>Gimnazjali\u015bci, przygotowuj\u0105c projekty, wykazali si\u0119 du\u017c\u0105 kreatywno\u015bci\u0105, a za swoj\u0105 prac\u0119 zebrali gratulacje od dyrekcji, nauczycieli oraz rodzic\u00f3w. By\u0142y zas\u0142u\u017cone pochwa\u0142y, podzi\u0119kowania i oklaski. Niekt\u00f3rzy po raz pierwszy mieli okazj\u0119 zab\u0142ysn\u0105\u0107 na forum szko\u0142y i zostali zauwa\u017ceni przez \u0142owc\u00f3w talent\u00f3w \u2013 pani Katarzyna Krupa z pewno\u015bci\u0105 nie b\u0119dzie mie\u0107 problemu ze skompletowaniem ekipy aktorskiej do kolejnego przedstawienia o patronie Gimnazjum \u2013 Kazimierzu Wielkim.<\/p>\n<p>Bardzo cieszy fakt, \u017ce rodzice uczni\u00f3w w tak licznym gronie przybyli na prezentacj\u0119.<\/p>\n<p>&nbsp;<\/p>\nngg_shortcode_0_placeholder\n","protected":false},"excerpt":{"rendered":"<p>5 kwietnia 2016 r. o godz. 1600 w naszym Gimnazjum odby\u0142a si\u0119 publiczna prezentacja obowi\u0105zkowych projekt\u00f3w edukacyjnych klas II. Wyst\u0105pi\u0142o<\/p>\n","protected":false},"author":4,"featured_media":0,"comment_status":"closed","ping_status":"closed","sticky":false,"template":"","format":"standard","meta":{"advanced_seo_description":"","jetpack_seo_html_title":"","jetpack_seo_noindex":false,"ngg_post_thumbnail":0,"_jetpack_newsletter_access":"","_jetpack_dont_email_post_to_subs":true,"_jetpack_newsletter_tier_id":0,"_jetpack_memberships_contains_paywalled_content":false,"_jetpack_memberships_contains_paid_content":false,"footnotes":""},"categories":[5,14],"tags":[],"class_list":["post-1719","post","type-post","status-publish","format-standard","hentry","category-aktualnosci","category-zdjecia_gim"],"jetpack_featured_media_url":"","jetpack_sharing_enabled":true,"jetpack_shortlink":"https:\/\/wp.me\/pghmmV-rJ","jetpack_likes_enabled":true,"jetpack-related-posts":[],"_links":{"self":[{"href":"https:\/\/sp.tuchow.pl\/index.php\/wp-json\/wp\/v2\/posts\/1719","targetHints":{"allow":["GET"]}}],"collection":[{"href":"https:\/\/sp.tuchow.pl\/index.php\/wp-json\/wp\/v2\/posts"}],"about":[{"href":"https:\/\/sp.tuchow.pl\/index.php\/wp-json\/wp\/v2\/types\/post"}],"author":[{"embeddable":true,"href":"https:\/\/sp.tuchow.pl\/index.php\/wp-json\/wp\/v2\/users\/4"}],"replies":[{"embeddable":true,"href":"https:\/\/sp.tuchow.pl\/index.php\/wp-json\/wp\/v2\/comments?post=1719"}],"version-history":[{"count":4,"href":"https:\/\/sp.tuchow.pl\/index.php\/wp-json\/wp\/v2\/posts\/1719\/revisions"}],"predecessor-version":[{"id":11309,"href":"https:\/\/sp.tuchow.pl\/index.php\/wp-json\/wp\/v2\/posts\/1719\/revisions\/11309"}],"wp:attachment":[{"href":"https:\/\/sp.tuchow.pl\/index.php\/wp-json\/wp\/v2\/media?parent=1719"}],"wp:term":[{"taxonomy":"category","embeddable":true,"href":"https:\/\/sp.tuchow.pl\/index.php\/wp-json\/wp\/v2\/categories?post=1719"},{"taxonomy":"post_tag","embeddable":true,"href":"https:\/\/sp.tuchow.pl\/index.php\/wp-json\/wp\/v2\/tags?post=1719"}],"curies":[{"name":"wp","href":"https:\/\/api.w.org\/{rel}","templated":true}]}}