{"id":169,"date":"2016-03-14T15:29:43","date_gmt":"2016-03-14T14:29:43","guid":{"rendered":"http:\/\/zs.tuchow.pl\/?p=169"},"modified":"2016-03-20T15:30:09","modified_gmt":"2016-03-20T14:30:09","slug":"marta-samelzon-rok-ukonczenia-gim-2008","status":"publish","type":"post","link":"https:\/\/sp.tuchow.pl\/index.php\/2016\/03\/14\/marta-samelzon-rok-ukonczenia-gim-2008\/","title":{"rendered":"Marta Samelzon &#8211; rok uko\u0144czenia GIM 2008"},"content":{"rendered":"<p style=\"font-family: Century Gothic, sans-serif;\"><b>Po uko\u0144czeniu gimnazjum kontynuowa\u0142am edukacj\u0119 w tutejszym &#8222;Koperniku&#8221;. Gdy zda\u0142am matur\u0119, nadszed\u0142 czas studi\u00f3w. Tym razem ponios\u0142o mnie a\u017c do Opola, gdzie studiuj\u0119 psychologi\u0119 na Uniwersytecie Opolskim. Jestem ju\u017c teraz na etapie ko\u0144cowym. Obok studi\u00f3w bardzo wa\u017cn\u0105 cz\u0119\u015bci\u0105 mojego \u017cycia s\u0105 wolontariaty. Anga\u017cowa\u0142am si\u0119 w nie ju\u017c od pierwszego roku. Przez 9 miesi\u0119cy pe\u0142ni\u0142am funkcj\u0119 koordynatora w Opolskim Oddziale Fundacji Mam Marzenie, kt\u00f3ra swoim zasi\u0119giem obejmuje ca\u0142y kraj. Opr\u00f3cz koordynowania, by\u0142am tam tak\u017ce wolontariuszk\u0105, a moje dzia\u0142ania mia\u0142y na celu poznawanie, a nast\u0119pnie realizacj\u0119 marze\u0144 dzieci cierpi\u0105cych na choroby bezpo\u015brednio zagra\u017caj\u0105ce Ich \u017cyciu.<\/b><\/p>\n<p style=\"font-family: Century Gothic, sans-serif;\">Ka\u017cde spotkanie z dzieckiem by\u0142o dla mnie \u017ar\u00f3d\u0142em niesamowitej rado\u015bci oraz prawdziw\u0105 lekcj\u0105 \u017cycia i zmagania si\u0119 z trudno\u015bciami, nawet tymi najwi\u0119kszymi. Obecnie jestem wolontariuszk\u0105 w przedszkolu specjalnym, a tak\u017ce hospicjum stacjonarnym dla os\u00f3b doros\u0142ych. Przedszkole jest dla mnie miejscem wyj\u0105tkowym. Nazywam je swoim rajem. To tam zaznaj\u0119 najwi\u0119kszego spokoju. Opiekuj\u0119 si\u0119 dzie\u0107mi z najg\u0142\u0119bszym stopniem niepe\u0142nosprawno\u015bci, kt\u00f3re ucz\u0119szczaj\u0105 do oddzia\u0142u rewalidacyjno-wychowawczego. Cho\u0107 \u017cadne z Nich nie m\u00f3wi ani \u015bwiadomie nie wykonuje \u017cadnego gestu, przekazuj\u0105 mi o wiele wi\u0119cej ni\u017c niejedna osoba posiadaj\u0105ca zdolno\u015b\u0107 wypowiadania si\u0119. To wszystko za spraw\u0105 tego, i\u017c One niczego nie udaj\u0105 i pozostaj\u0105 sob\u0105. W hospicjum do\u015bwiadczam tego, co okre\u015blam jako prawdziwe bycie dla drugiego cz\u0142owieka. Czasem po prostu siedz\u0119 przy \u0142\u00f3\u017cku Pacjenta w ciszy, innym razem p\u00f3jd\u0119 na spacer, a jeszcze kiedy indziej prowadz\u0119 bardzo ciekawe rozmowy &#8211; o \u017cyciu oczywi\u015bcie. Takiej wdzi\u0119czno\u015bci jak ze strony moich Pacjent\u00f3w, nie do\u015bwiadczam nigdzie indziej. Oni tak\u017ce pokazuj\u0105 mi, \u017ce nawet w obliczu tak ogromnego cierpienia, mo\u017cna dzieli\u0107 si\u0119 z innymi tym, co w cz\u0142owieku najpi\u0119kniejsze. Zar\u00f3wno Dzieci z przedszkola jak i Pacjenci z hospicjum daj\u0105 mi mn\u00f3stwo energii do \u017cycia, a za Ich przyczyn\u0105 nawet w najsmutniejszym dniu pojawia si\u0119 promie\u0144 rado\u015bci.<\/p>\n","protected":false},"excerpt":{"rendered":"<p>Po uko\u0144czeniu gimnazjum kontynuowa\u0142am edukacj\u0119 w tutejszym &#8222;Koperniku&#8221;. Gdy zda\u0142am matur\u0119, nadszed\u0142 czas studi\u00f3w. Tym razem ponios\u0142o mnie a\u017c do<\/p>\n","protected":false},"author":4,"featured_media":0,"comment_status":"closed","ping_status":"closed","sticky":false,"template":"","format":"standard","meta":{"advanced_seo_description":"","jetpack_seo_html_title":"","jetpack_seo_noindex":false,"ngg_post_thumbnail":0,"_jetpack_newsletter_access":"","_jetpack_dont_email_post_to_subs":false,"_jetpack_newsletter_tier_id":0,"_jetpack_memberships_contains_paywalled_content":false,"_jetpack_memberships_contains_paid_content":false,"footnotes":""},"categories":[4],"tags":[],"class_list":["post-169","post","type-post","status-publish","format-standard","hentry","category-losy_absolwentow"],"jetpack_featured_media_url":"","jetpack_sharing_enabled":true,"jetpack_shortlink":"https:\/\/wp.me\/pghmmV-2J","jetpack_likes_enabled":true,"jetpack-related-posts":[],"_links":{"self":[{"href":"https:\/\/sp.tuchow.pl\/index.php\/wp-json\/wp\/v2\/posts\/169","targetHints":{"allow":["GET"]}}],"collection":[{"href":"https:\/\/sp.tuchow.pl\/index.php\/wp-json\/wp\/v2\/posts"}],"about":[{"href":"https:\/\/sp.tuchow.pl\/index.php\/wp-json\/wp\/v2\/types\/post"}],"author":[{"embeddable":true,"href":"https:\/\/sp.tuchow.pl\/index.php\/wp-json\/wp\/v2\/users\/4"}],"replies":[{"embeddable":true,"href":"https:\/\/sp.tuchow.pl\/index.php\/wp-json\/wp\/v2\/comments?post=169"}],"version-history":[{"count":1,"href":"https:\/\/sp.tuchow.pl\/index.php\/wp-json\/wp\/v2\/posts\/169\/revisions"}],"predecessor-version":[{"id":171,"href":"https:\/\/sp.tuchow.pl\/index.php\/wp-json\/wp\/v2\/posts\/169\/revisions\/171"}],"wp:attachment":[{"href":"https:\/\/sp.tuchow.pl\/index.php\/wp-json\/wp\/v2\/media?parent=169"}],"wp:term":[{"taxonomy":"category","embeddable":true,"href":"https:\/\/sp.tuchow.pl\/index.php\/wp-json\/wp\/v2\/categories?post=169"},{"taxonomy":"post_tag","embeddable":true,"href":"https:\/\/sp.tuchow.pl\/index.php\/wp-json\/wp\/v2\/tags?post=169"}],"curies":[{"name":"wp","href":"https:\/\/api.w.org\/{rel}","templated":true}]}}