{"id":1665,"date":"2016-04-03T15:09:15","date_gmt":"2016-04-03T13:09:15","guid":{"rendered":"http:\/\/zs.tuchow.pl\/?p=1665"},"modified":"2023-08-02T10:48:40","modified_gmt":"2023-08-02T08:48:40","slug":"zs-swiateczny-kiermasz-ciast-i-ciasteczek","status":"publish","type":"post","link":"https:\/\/sp.tuchow.pl\/index.php\/2016\/04\/03\/zs-swiateczny-kiermasz-ciast-i-ciasteczek\/","title":{"rendered":"ZS -> \u015aWI\u0104TECZNY  KIERMASZ CIAST  I  CIASTECZEK"},"content":{"rendered":"<p align=\"JUSTIFY\"><span style=\"font-size: small;\"><span style=\"font-family: 'Comic Sans MS';\"><span style=\"color: #000000;\"><b>21 i 22 marca<\/b> odby\u0142 si\u0119 po raz kolejny w naszej szkole <b>\u201e\u015aWI\u0104TECZNY &nbsp;KIERMASZ CIAST &nbsp;I &nbsp;CIASTECZEK\u201d.<\/b> By\u0142a to akcja charytatywna z kt\u00f3rej ca\u0142kowity doch\u00f3d przeznaczony b\u0119dzie na rehabilitacj\u0119 uczennicy naszej szko\u0142y Anny Lig\u0119zy.<\/span><\/span><\/span><\/p>\n<p align=\"JUSTIFY\"><span style=\"font-size: small;\"><span style=\"font-family: 'Comic Sans MS';\"><span style=\"color: #000000;\">Ania wymaga sta\u0142ej rehabilitacji i specjalistycznej opieki, co wymaga du\u017cego nak\u0142adu finansowego.<\/span><\/span><\/span><\/p>\n<p align=\"JUSTIFY\"><span style=\"font-size: small;\"><span style=\"font-family: 'Comic Sans MS';\"><span style=\"color: #000000;\">Serdecznie dzi\u0119kujemy uczniom i rodzicom za hojno\u015b\u0107 i wk\u0142ad w\u0142o\u017cony w przygotowanie kiermaszu dla Ani.<\/span><\/span><\/span><\/p>\n<p align=\"CENTER\"><b><i><span style=\"font-size: small;\"><span style=\"font-family: 'Comic Sans MS';\"><span style=\"color: #000000;\">Cz\u0142owiek jest wielki nie przez to ,co ma<\/span><\/span><\/span><\/i><\/b><\/p>\n<p align=\"CENTER\"><span style=\"color: #000000;\"><span style=\"font-family: 'Comic Sans MS';\"><span style=\"font-size: small;\"><i><b>nie przez to, kim jest,<\/b><\/i><\/span><\/span><\/span><\/p>\n<p align=\"CENTER\"><span style=\"color: #000000;\"><span style=\"font-family: 'Comic Sans MS';\"><span style=\"font-size: small;\"><i><b>lecz przez to, <\/b><\/i><\/span><\/span><\/span><\/p>\n<p align=\"CENTER\"><b><i><span style=\"font-size: small;\"><span style=\"font-family: 'Comic Sans MS';\"><span style=\"color: #000000;\">czym dzieli si\u0119 z innymi <\/span><\/span><\/span><\/i><\/b><\/p>\n<p align=\"CENTER\"><b><i><span style=\"font-size: small;\"><span style=\"font-family: 'Comic Sans MS';\"><span style=\"color: #000000;\">Jan Pawe\u0142 II<\/span><\/span><\/span><\/i><\/b><\/p>\n<p><span style=\"color: #000000;\"><span style=\"font-family: 'Comic Sans MS';\"><span style=\"font-size: small;\">Organizatorzy:<\/span><\/span><\/span><\/p>\n<p>mgr Jadwiga Mo\u017adzierz<\/p>\n<p>mgr Barbara Potok<\/p>\n<h6>&nbsp;<\/h6>\nngg_shortcode_0_placeholder\n","protected":false},"excerpt":{"rendered":"<p>21 i 22 marca odby\u0142 si\u0119 po raz kolejny w naszej szkole \u201e\u015aWI\u0104TECZNY &nbsp;KIERMASZ CIAST &nbsp;I &nbsp;CIASTECZEK\u201d. By\u0142a to akcja<\/p>\n","protected":false},"author":4,"featured_media":0,"comment_status":"closed","ping_status":"closed","sticky":false,"template":"","format":"standard","meta":{"advanced_seo_description":"","jetpack_seo_html_title":"","jetpack_seo_noindex":false,"ngg_post_thumbnail":0,"_jetpack_newsletter_access":"","_jetpack_dont_email_post_to_subs":true,"_jetpack_newsletter_tier_id":0,"_jetpack_memberships_contains_paywalled_content":false,"_jetpack_memberships_contains_paid_content":false,"footnotes":""},"categories":[5,15],"tags":[],"class_list":["post-1665","post","type-post","status-publish","format-standard","hentry","category-aktualnosci","category-zdjecia_sp"],"jetpack_featured_media_url":"","jetpack_sharing_enabled":true,"jetpack_shortlink":"https:\/\/wp.me\/pghmmV-qR","jetpack_likes_enabled":true,"jetpack-related-posts":[],"_links":{"self":[{"href":"https:\/\/sp.tuchow.pl\/index.php\/wp-json\/wp\/v2\/posts\/1665","targetHints":{"allow":["GET"]}}],"collection":[{"href":"https:\/\/sp.tuchow.pl\/index.php\/wp-json\/wp\/v2\/posts"}],"about":[{"href":"https:\/\/sp.tuchow.pl\/index.php\/wp-json\/wp\/v2\/types\/post"}],"author":[{"embeddable":true,"href":"https:\/\/sp.tuchow.pl\/index.php\/wp-json\/wp\/v2\/users\/4"}],"replies":[{"embeddable":true,"href":"https:\/\/sp.tuchow.pl\/index.php\/wp-json\/wp\/v2\/comments?post=1665"}],"version-history":[{"count":5,"href":"https:\/\/sp.tuchow.pl\/index.php\/wp-json\/wp\/v2\/posts\/1665\/revisions"}],"predecessor-version":[{"id":11272,"href":"https:\/\/sp.tuchow.pl\/index.php\/wp-json\/wp\/v2\/posts\/1665\/revisions\/11272"}],"wp:attachment":[{"href":"https:\/\/sp.tuchow.pl\/index.php\/wp-json\/wp\/v2\/media?parent=1665"}],"wp:term":[{"taxonomy":"category","embeddable":true,"href":"https:\/\/sp.tuchow.pl\/index.php\/wp-json\/wp\/v2\/categories?post=1665"},{"taxonomy":"post_tag","embeddable":true,"href":"https:\/\/sp.tuchow.pl\/index.php\/wp-json\/wp\/v2\/tags?post=1665"}],"curies":[{"name":"wp","href":"https:\/\/api.w.org\/{rel}","templated":true}]}}