{"id":1489,"date":"2016-04-02T18:27:49","date_gmt":"2016-04-02T16:27:49","guid":{"rendered":"http:\/\/zs.tuchow.pl\/?p=1489"},"modified":"2016-04-02T18:38:05","modified_gmt":"2016-04-02T16:38:05","slug":"gim-zapraszamy-rodzicow-na-publiczna-prezentacje-projektow-gimnazjalnych","status":"publish","type":"post","link":"https:\/\/sp.tuchow.pl\/index.php\/2016\/04\/02\/gim-zapraszamy-rodzicow-na-publiczna-prezentacje-projektow-gimnazjalnych\/","title":{"rendered":"GIM -> Zapraszamy rodzic\u00f3w na publiczn\u0105 prezentacj\u0119 Projekt\u00f3w gimnazjalnych"},"content":{"rendered":"<p><span style=\"color: #000000;\"><strong>Zaproszenie dla\u00a0<\/strong><\/span><span style=\"color: #000000;\"><strong>Rodzic\u00f3w uczni\u00f3w klas II gimnazjum\u00a0<\/strong><\/span><strong style=\"color: #000000; line-height: 1.5;\">na publiczn\u0105 prezentacj\u0119 projekt\u00f3w edukacyjnych<\/strong><\/p>\n<p><span style=\"color: #000000;\"><strong>\u00a0<\/strong><\/span><span style=\"color: #000000;\">Od stycznia do kwietnia 2016 r. uczniowie klas II gimnazjum realizowali &#8211; zgodnie z rozporz\u0105dzeniem Ministra Edukacji Narodowej z 2010 r. &#8211; obowi\u0105zkowe projekty edukacyjne. Jak co roku fina\u0142em tych dzia\u0142a\u0144 jest <strong>publiczna prezentacja projekt\u00f3w<\/strong>, kt\u00f3ra odb\u0119dzie si\u0119 <strong>5 kwietnia 2016 r.<\/strong> <strong>o godz. 16<sup>00<\/sup><\/strong> <strong>w budynku<\/strong> <strong>Zespo\u0142u Szk\u00f3\u0142<\/strong> (w salach nr <strong>3, 13, 14 <\/strong>oraz <strong>23<\/strong>).<\/span><\/p>\n<p><span style=\"color: #000000;\">W imieniu Dyrekcji, Nauczycieli-opiekun\u00f3w grup projektowych oraz Uczni\u00f3w klas II <strong>serdecznie zapraszamy Rodzic\u00f3w<\/strong><\/span><\/p>\n<p><span style=\"color: #000000;\">na to wa\u017cne dla m\u0142odzie\u017cy gimnazjalnej wydarzenie.<\/span><\/p>\n<p><span style=\"color: #000000;\">B\u0119d\u0105 mieli Pa\u0144stwo okazj\u0119 zobaczy\u0107 ko\u0144cowy rezultat trzymiesi\u0119cznego trudu swoich dzieci, towarzyszy\u0107 im w stresuj\u0105cym wyst\u0105pieniu na forum szko\u0142y, doceni\u0107 ich pomys\u0142owo\u015b\u0107 i kreatywno\u015b\u0107, nagrodzi\u0107 oklaskami efekt zespo\u0142owej pracy.<\/span><\/p>\n<p><span style=\"color: #000000;\">Organizatorzy prezentacji<\/span><\/p>\n","protected":false},"excerpt":{"rendered":"<p>Zaproszenie dla\u00a0Rodzic\u00f3w uczni\u00f3w klas II gimnazjum\u00a0na publiczn\u0105 prezentacj\u0119 projekt\u00f3w edukacyjnych \u00a0Od stycznia do kwietnia 2016 r. uczniowie klas II gimnazjum<\/p>\n","protected":false},"author":4,"featured_media":0,"comment_status":"closed","ping_status":"closed","sticky":false,"template":"","format":"standard","meta":{"advanced_seo_description":"","jetpack_seo_html_title":"","jetpack_seo_noindex":false,"ngg_post_thumbnail":0,"_jetpack_newsletter_access":"","_jetpack_dont_email_post_to_subs":false,"_jetpack_newsletter_tier_id":0,"_jetpack_memberships_contains_paywalled_content":false,"_jetpack_memberships_contains_paid_content":false,"footnotes":""},"categories":[5],"tags":[],"class_list":["post-1489","post","type-post","status-publish","format-standard","hentry","category-aktualnosci"],"jetpack_featured_media_url":"","jetpack_sharing_enabled":true,"jetpack_shortlink":"https:\/\/wp.me\/pghmmV-o1","jetpack_likes_enabled":true,"jetpack-related-posts":[],"_links":{"self":[{"href":"https:\/\/sp.tuchow.pl\/index.php\/wp-json\/wp\/v2\/posts\/1489","targetHints":{"allow":["GET"]}}],"collection":[{"href":"https:\/\/sp.tuchow.pl\/index.php\/wp-json\/wp\/v2\/posts"}],"about":[{"href":"https:\/\/sp.tuchow.pl\/index.php\/wp-json\/wp\/v2\/types\/post"}],"author":[{"embeddable":true,"href":"https:\/\/sp.tuchow.pl\/index.php\/wp-json\/wp\/v2\/users\/4"}],"replies":[{"embeddable":true,"href":"https:\/\/sp.tuchow.pl\/index.php\/wp-json\/wp\/v2\/comments?post=1489"}],"version-history":[{"count":3,"href":"https:\/\/sp.tuchow.pl\/index.php\/wp-json\/wp\/v2\/posts\/1489\/revisions"}],"predecessor-version":[{"id":1496,"href":"https:\/\/sp.tuchow.pl\/index.php\/wp-json\/wp\/v2\/posts\/1489\/revisions\/1496"}],"wp:attachment":[{"href":"https:\/\/sp.tuchow.pl\/index.php\/wp-json\/wp\/v2\/media?parent=1489"}],"wp:term":[{"taxonomy":"category","embeddable":true,"href":"https:\/\/sp.tuchow.pl\/index.php\/wp-json\/wp\/v2\/categories?post=1489"},{"taxonomy":"post_tag","embeddable":true,"href":"https:\/\/sp.tuchow.pl\/index.php\/wp-json\/wp\/v2\/tags?post=1489"}],"curies":[{"name":"wp","href":"https:\/\/api.w.org\/{rel}","templated":true}]}}