{"id":12552,"date":"2026-04-27T13:10:44","date_gmt":"2026-04-27T11:10:44","guid":{"rendered":"https:\/\/sp.tuchow.pl\/?p=12552"},"modified":"2026-04-27T13:10:44","modified_gmt":"2026-04-27T11:10:44","slug":"kazdy-ma-w-sobie-talent-trzeba-tylko-odwazyc-sie-go-pokazac","status":"publish","type":"post","link":"https:\/\/sp.tuchow.pl\/index.php\/2026\/04\/27\/kazdy-ma-w-sobie-talent-trzeba-tylko-odwazyc-sie-go-pokazac\/","title":{"rendered":"\u201eKa\u017cdy ma w sobie talent \u2013 trzeba tylko odwa\u017cy\u0107 si\u0119 go pokaza\u0107.\u201d"},"content":{"rendered":"<p style=\"text-align: justify;\">Szkolna II edycja konkursu \u201eMam Talent\u201d, kt\u00f3ra odby\u0142a si\u0119 23 kwietnia 2026 roku, by\u0142a wyj\u0105tkowym wydarzeniem pe\u0142nym emocji, rado\u015bci i niezwyk\u0142ych pokaz\u00f3w umiej\u0119tno\u015bci uczni\u00f3w. Uczestnicy zaprezentowali bardzo wysoki poziom artystyczny, a ich wyst\u0119py spotka\u0142y si\u0119 z du\u017cym uznaniem publiczno\u015bci oraz jury.<\/p>\n<p style=\"text-align: justify;\">Na scenie mo\u017cna by\u0142o podziwia\u0107 r\u00f3\u017cnorodne talenty \u2013 od dynamicznych pokaz\u00f3w sztuk walki, przez pe\u0142ne energii uk\u0142ady taneczne, a\u017c po wzruszaj\u0105ce wyst\u0119py wokalne i muzyczne. Nie zabrak\u0142o r\u00f3wnie\u017c uczni\u00f3w prezentuj\u0105cych gr\u0119 na instrumentach, imponuj\u0105ce zdolno\u015bci logiczne, takie jak szybkie uk\u0142adanie kostki Rubika, a tak\u017ce zdolno\u015bci plastyczne.<\/p>\n<p style=\"text-align: justify;\">Wydarzenie by\u0142o doskona\u0142\u0105 okazj\u0105 do rozwijania pasji, budowania pewno\u015bci siebie oraz integracji spo\u0142eczno\u015bci szkolnej. Szkolna edycja \u201eMam Talent\u201d pokaza\u0142a, jak wiele zdolno\u015bci i potencja\u0142u drzemie w uczniach, a tak\u017ce jak wa\u017cne jest stwarzanie im przestrzeni do ich prezentowania i rozwijania.<\/p>\n<p style=\"text-align: justify;\">Serdeczne podzi\u0119kowania kierujemy do Rady Rodzic\u00f3w za ufundowanie nagr\u00f3d dla uczestnik\u00f3w konkursu. Zostan\u0105 one wr\u0119czone podczas szkolnego pikniku, stanowi\u0105c mi\u0142e podsumowanie tego wyj\u0105tkowego wydarzenia.<\/p>\n<p style=\"text-align: justify;\">Kategoria wiekowa &#8211; klasy drugie, trzecie i czwarte :<\/p>\n<p style=\"text-align: justify;\">I miejsce zesp\u00f3\u0142 \u201eLady Powers\u201d z klasy 4a w sk\u0142adzie : Amelia Mikos, Wiktoria Kurdziel, Oliwia<\/p>\n<p style=\"text-align: justify;\">Zawrzykraj<\/p>\n<p style=\"text-align: justify;\">II miejsce Zofia Starzyk z klasy 3a<\/p>\n<p style=\"text-align: justify;\">II miejsce zesp\u00f3\u0142 \u201eBrisa\u201d z klasy 4c w sk\u0142adzie : Milena Mazur, Wiktoria Starzyk<\/p>\n<p style=\"text-align: justify;\">III miejsce Tymon W\u0119grzyn z klasy 2a<\/p>\n<p style=\"text-align: justify;\">Wyr\u00f3\u017cnienie \u2013 Igor Sta\u0144czyk z klasy 3a<\/p>\n<p style=\"text-align: justify;\">Wyr\u00f3\u017cnienie \u2013 Natalia Mr\u00f3z<\/p>\n<p style=\"text-align: justify;\">&nbsp;<\/p>\n<p style=\"text-align: justify;\">Kategoria wiekowa \u2013 klasy pi\u0105te i sz\u00f3ste :<\/p>\n<p style=\"text-align: justify;\">I miejsce zesp\u00f3\u0142 z klasy 6a w sk\u0142adzie : Zofia \u015alaga, Maja Bartkowska, Wiktoria Stawicka, Kamila<\/p>\n<p style=\"text-align: justify;\">Kielawa<\/p>\n<p style=\"text-align: justify;\">II miejsce Jakub Olechny z klasy 5c<\/p>\n<p style=\"text-align: justify;\">III miejsce Oliwia Czuba z klasy 5b<\/p>\n<p style=\"text-align: justify;\">Wyr\u00f3\u017cnienie \u2013 Lena G\u00f3rka z klasy 5a<\/p>\n<p style=\"text-align: justify;\">Wyr\u00f3\u017cnienie \u2013 Zuzanna Wantuch z klasy 5a<\/p>\n<p style=\"text-align: justify;\">Wyr\u00f3\u017cnienie \u2013 Izabela Podrazik z klasy 5a<\/p>\n<p>&nbsp;<\/p>\n<p><a href=\"https:\/\/www.facebook.com\/photo\/?fbid=1556633759799716&amp;set=pcb.1556634733132952\">Galeria zdj\u0119\u0107<\/a><\/p>\n","protected":false},"excerpt":{"rendered":"<p>Szkolna II edycja konkursu \u201eMam Talent\u201d, kt\u00f3ra odby\u0142a si\u0119 23 kwietnia 2026 roku, by\u0142a wyj\u0105tkowym wydarzeniem pe\u0142nym emocji, rado\u015bci i<\/p>\n","protected":false},"author":4,"featured_media":0,"comment_status":"closed","ping_status":"closed","sticky":false,"template":"","format":"standard","meta":{"advanced_seo_description":"","jetpack_seo_html_title":"","jetpack_seo_noindex":false,"ngg_post_thumbnail":0,"_jetpack_newsletter_access":"","_jetpack_dont_email_post_to_subs":false,"_jetpack_newsletter_tier_id":0,"_jetpack_memberships_contains_paywalled_content":false,"_jetpack_memberships_contains_paid_content":false,"footnotes":""},"categories":[5],"tags":[],"class_list":["post-12552","post","type-post","status-publish","format-standard","hentry","category-aktualnosci"],"jetpack_featured_media_url":"","jetpack_sharing_enabled":true,"jetpack_shortlink":"https:\/\/wp.me\/pghmmV-3gs","jetpack_likes_enabled":true,"jetpack-related-posts":[],"_links":{"self":[{"href":"https:\/\/sp.tuchow.pl\/index.php\/wp-json\/wp\/v2\/posts\/12552","targetHints":{"allow":["GET"]}}],"collection":[{"href":"https:\/\/sp.tuchow.pl\/index.php\/wp-json\/wp\/v2\/posts"}],"about":[{"href":"https:\/\/sp.tuchow.pl\/index.php\/wp-json\/wp\/v2\/types\/post"}],"author":[{"embeddable":true,"href":"https:\/\/sp.tuchow.pl\/index.php\/wp-json\/wp\/v2\/users\/4"}],"replies":[{"embeddable":true,"href":"https:\/\/sp.tuchow.pl\/index.php\/wp-json\/wp\/v2\/comments?post=12552"}],"version-history":[{"count":1,"href":"https:\/\/sp.tuchow.pl\/index.php\/wp-json\/wp\/v2\/posts\/12552\/revisions"}],"predecessor-version":[{"id":12553,"href":"https:\/\/sp.tuchow.pl\/index.php\/wp-json\/wp\/v2\/posts\/12552\/revisions\/12553"}],"wp:attachment":[{"href":"https:\/\/sp.tuchow.pl\/index.php\/wp-json\/wp\/v2\/media?parent=12552"}],"wp:term":[{"taxonomy":"category","embeddable":true,"href":"https:\/\/sp.tuchow.pl\/index.php\/wp-json\/wp\/v2\/categories?post=12552"},{"taxonomy":"post_tag","embeddable":true,"href":"https:\/\/sp.tuchow.pl\/index.php\/wp-json\/wp\/v2\/tags?post=12552"}],"curies":[{"name":"wp","href":"https:\/\/api.w.org\/{rel}","templated":true}]}}