{"id":12550,"date":"2026-04-27T13:06:18","date_gmt":"2026-04-27T11:06:18","guid":{"rendered":"https:\/\/sp.tuchow.pl\/?p=12550"},"modified":"2026-04-27T13:06:18","modified_gmt":"2026-04-27T11:06:18","slug":"kto-czyta-wygrywa","status":"publish","type":"post","link":"https:\/\/sp.tuchow.pl\/index.php\/2026\/04\/27\/kto-czyta-wygrywa\/","title":{"rendered":"Kto czyta, wygrywa"},"content":{"rendered":"<p>23 kwietnia czworo uczni\u00f3w naszej szko\u0142y wzi\u0119\u0142o udzia\u0142 w gali <strong>MA\u0141OPOLSKIEGO KONKURSU CZYTELNICZEGO \u201eCZYTAM, ZNAM, ROZUMIEM\u201d. &nbsp;<\/strong><strong>&nbsp;<\/strong><\/p>\n<p style=\"text-align: justify;\"><strong>Kinga Janu\u015b<\/strong> z 8 b, <strong>Micha\u0142 Ogiela<\/strong> z 7 c oraz <strong>Igor Szel\u0105g<\/strong> z 8c zostali laureatami, natomiast <strong>Karol Drobot<\/strong> z 8 c \u2013 finalist\u0105 konkursu.<\/p>\n<p style=\"text-align: justify;\">Uroczyste wr\u0119czenie dyplom\u00f3w i nagr\u00f3d odby\u0142o si\u0119 w auli Tarnowskiej Akademii z udzia\u0142em organizator\u00f3w: Towarzystwa Literackiego im A. Mickiewicza Oddzia\u0142 w Tarnowie, III LO im. A. Mickiewicza w Tarnowie, Katedry Filologii Polskiej Akademii Tarnowskiej oraz Miejskiej Biblioteki Publicznej im. J. S\u0142owackiego w Tarnowie.<\/p>\n<p style=\"text-align: justify;\">Uroczysto\u015b\u0107 mia\u0142a te\u017c drugi mi\u0142y dla naszej szko\u0142y akcent. Dwie polonistki \u2013 pani mgr Renata G\u0105sior oraz&nbsp; pani mgr Katarzyna Skrzyniarz \u2013 zosta\u0142y docenione i wyr\u00f3\u017cnione przez organizator\u00f3w. Obie panie przygotowuj\u0105 m\u0142odzie\u017c z klas 7 i 8 do konkursu od 8 lat, od pierwszej jego edycji, i mog\u0105 poszczyci\u0107 si\u0119 wieloma laureatami i finalistami.<\/p>\n<p style=\"text-align: justify;\">Aby wzi\u0105\u0107 udzia\u0142 w konkursie i odnie\u015b\u0107 w nim sukces, trzeba przeczyta\u0107 \u201ePana Tadeusza\u201d A. Mickiewicza oraz dwie dodatkowe lektury, ka\u017cdego roku inne. Nie jest to jednak konkurs stricte czytelniczy, poniewa\u017c etap wojew\u00f3dzki, opr\u00f3cz testu z lektur, ma w swej strukturze zadanie typowo polonistyczne \u2013 napisanie dw\u00f3ch rozprawek. Konkurs nie sprawdza wi\u0119c tylko&nbsp; znajomo\u015bci utworu, czyli pami\u0119ciowej wiedzy o bohaterach, miejscach i zdarzeniach, ale &nbsp;umiej\u0119tno\u015bci bardziej z\u0142o\u017cone.<\/p>\n<p style=\"text-align: justify;\">Poniewa\u017c w auli byli g\u0142\u00f3wnie poloni\u015bci i by\u0107 mo\u017ce przyszli absolwenci filologii polskiej, przewodnicz\u0105ca komisji konkursowej zwr\u00f3ci\u0142a uwag\u0119 na narastaj\u0105ce i tym samym coraz bardziej niepokoj\u0105ce zjawisko, jakim jest &nbsp;eliminowanie przecinka z zestawu znak\u00f3w przestankowych stosowanych przez uczni\u00f3w. Aby zobrazowa\u0107, jak wa\u017cn\u0105 funkcj\u0119 pe\u0142ni przecinek we w\u0142a\u015bciwym &nbsp;rozumieniu s\u0142owa pisanego, pos\u0142u\u017cy\u0142a si\u0119 przyk\u0142adem z ksi\u0105\u017cki&nbsp; \u201eJedzcie dzieci\u201d. Tytu\u0142owe &nbsp;has\u0142o \u201eJedzcie dzieci\u201d (bez przecinka) jest wezwaniem do uczty dla kanibali, natomiast je\u015bli wstawimy tam przecinek &#8211; &nbsp;\u201eJedzcie, dzieci\u201d &#8211; stanie si\u0119 zach\u0119t\u0105 do jedzenia skierowan\u0105 do milusi\u0144skich. Tym samym, dzi\u0119ki przecinkowi, &nbsp;wywo\u0142uj\u0105ca szok makabra zmienia si\u0119 w mi\u0142y obrazek rodzinnego posi\u0142ku.&nbsp;<\/p>\n<p style=\"text-align: justify;\">Na zako\u0144czenie dodam, \u017ce konkurs \u201eCzytam, znam, rozumiem\u201d znajduje si\u0119 w kuratoryjnym wykazie konkurs\u00f3w branych pod uwag\u0119 w rekrutacji do szk\u00f3l ponadpodstawowych i za tytu\u0142 laureata mo\u017cna otrzyma\u0107 do 3 punkt\u00f3w. Kto\u015b powie, \u017ce to niewiele, ale tak jak niepozorny przecinek decyduje o sensie zdania, tak 1 punkt mo\u017ce przes\u0105dzi\u0107 o tym, czy \u00f3smoklasista dostanie si\u0119 do wymarzonej szko\u0142y.<\/p>\n<p style=\"text-align: justify;\">Tak wi\u0119c, Uczniowie, doceniajcie przecinki i dodajcie je do ulubionych, a czytanie uczy\u0144cie wa\u017cn\u0105 cz\u0119\u015bci\u0105 swojego \u017cycia.<\/p>\n<p style=\"text-align: justify;\">Laureatom i finali\u015bcie sk\u0142adam serdeczne gratulacje i \u017cycz\u0119 dalszych sukces\u00f3w osi\u0105ganych dzi\u0119ki lekturze.<\/p>\n<p style=\"text-align: right;\">&nbsp;<em>Anna Szel\u0105g<\/em><\/p>\n","protected":false},"excerpt":{"rendered":"<p>23 kwietnia czworo uczni\u00f3w naszej szko\u0142y wzi\u0119\u0142o udzia\u0142 w gali MA\u0141OPOLSKIEGO KONKURSU CZYTELNICZEGO \u201eCZYTAM, ZNAM, ROZUMIEM\u201d. &nbsp;&nbsp; Kinga Janu\u015b z<\/p>\n","protected":false},"author":4,"featured_media":0,"comment_status":"closed","ping_status":"closed","sticky":false,"template":"","format":"standard","meta":{"advanced_seo_description":"","jetpack_seo_html_title":"","jetpack_seo_noindex":false,"ngg_post_thumbnail":0,"_jetpack_newsletter_access":"","_jetpack_dont_email_post_to_subs":false,"_jetpack_newsletter_tier_id":0,"_jetpack_memberships_contains_paywalled_content":false,"_jetpack_memberships_contains_paid_content":false,"footnotes":""},"categories":[5],"tags":[],"class_list":["post-12550","post","type-post","status-publish","format-standard","hentry","category-aktualnosci"],"jetpack_featured_media_url":"","jetpack_sharing_enabled":true,"jetpack_shortlink":"https:\/\/wp.me\/pghmmV-3gq","jetpack_likes_enabled":true,"jetpack-related-posts":[],"_links":{"self":[{"href":"https:\/\/sp.tuchow.pl\/index.php\/wp-json\/wp\/v2\/posts\/12550","targetHints":{"allow":["GET"]}}],"collection":[{"href":"https:\/\/sp.tuchow.pl\/index.php\/wp-json\/wp\/v2\/posts"}],"about":[{"href":"https:\/\/sp.tuchow.pl\/index.php\/wp-json\/wp\/v2\/types\/post"}],"author":[{"embeddable":true,"href":"https:\/\/sp.tuchow.pl\/index.php\/wp-json\/wp\/v2\/users\/4"}],"replies":[{"embeddable":true,"href":"https:\/\/sp.tuchow.pl\/index.php\/wp-json\/wp\/v2\/comments?post=12550"}],"version-history":[{"count":1,"href":"https:\/\/sp.tuchow.pl\/index.php\/wp-json\/wp\/v2\/posts\/12550\/revisions"}],"predecessor-version":[{"id":12551,"href":"https:\/\/sp.tuchow.pl\/index.php\/wp-json\/wp\/v2\/posts\/12550\/revisions\/12551"}],"wp:attachment":[{"href":"https:\/\/sp.tuchow.pl\/index.php\/wp-json\/wp\/v2\/media?parent=12550"}],"wp:term":[{"taxonomy":"category","embeddable":true,"href":"https:\/\/sp.tuchow.pl\/index.php\/wp-json\/wp\/v2\/categories?post=12550"},{"taxonomy":"post_tag","embeddable":true,"href":"https:\/\/sp.tuchow.pl\/index.php\/wp-json\/wp\/v2\/tags?post=12550"}],"curies":[{"name":"wp","href":"https:\/\/api.w.org\/{rel}","templated":true}]}}