{"id":12494,"date":"2026-03-19T08:29:03","date_gmt":"2026-03-19T07:29:03","guid":{"rendered":"https:\/\/sp.tuchow.pl\/?p=12494"},"modified":"2026-03-19T08:29:03","modified_gmt":"2026-03-19T07:29:03","slug":"obchody-dnia-sw-patryk-w-szkole-podstawowej-w-tuchowie","status":"publish","type":"post","link":"https:\/\/sp.tuchow.pl\/index.php\/2026\/03\/19\/obchody-dnia-sw-patryk-w-szkole-podstawowej-w-tuchowie\/","title":{"rendered":"OBCHODY DNIA \u015aW. PATRYK W SZKOLE PODSTAWOWEJ W TUCHOWIE"},"content":{"rendered":"<p style=\"text-align: justify;\">Z okazji Dnia \u015aw. Patryka uczniowie klas 1-3 wzi\u0119li udzia\u0142 w konkursie na najciekawsze zielone przebranie. Jury ocenia\u0142o pomys\u0142owo\u015b\u0107 oraz wk\u0142ad pracy w przygotowanie stroju.<\/p>\n<p>Jury wy\u0142oniono nast\u0119puj\u0105cych zwyci\u0119zc\u00f3w:<br \/>\n1 miejsce: Zuzanna Wi\u015bniowska kl. 1c<br \/>\n2 miejsce: Liliana Dulik kl. 3c<br \/>\n3 miejsce: Adam Wide\u0142 kl. 2c<\/p>\n<p>Wyr\u00f3\u017cnienie otrzymuje:<br \/>\nJulia Kiero\u0144ska i Kacper Kiero\u0144ski kl. 2a<\/p>\n<p style=\"text-align: justify;\">Wszyscy uczniowie bior\u0105cy udzia\u0142 w zabawie otrzymali s\u0142odycze, oczywi\u015bcie koloru zielonego \ud83d\ude42 Zwyci\u0119zcy i wyr\u00f3\u017cnieni otrzymaj\u0105 dyplomy oraz nagrody rzeczowe ufundowane przez Rad\u0119 Rodzic\u00f3w.<br \/>\nGratulujemy i zapraszamy do obejrzenia fotorelacji.<\/p>\n<p style=\"text-align: right;\"><em>Organizatorzy konkursu:<\/em><br \/>\n<em>Aneta Rzeszutko<\/em><br \/>\n<em>Katarzyna Stelmach<\/em><\/p>\n<p><a href=\"https:\/\/www.facebook.com\/reel\/1440665301186932\">Relacja filmowa<\/a><\/p>\n","protected":false},"excerpt":{"rendered":"<p>Z okazji Dnia \u015aw. Patryka uczniowie klas 1-3 wzi\u0119li udzia\u0142 w konkursie na najciekawsze zielone przebranie. Jury ocenia\u0142o pomys\u0142owo\u015b\u0107 oraz<\/p>\n","protected":false},"author":4,"featured_media":0,"comment_status":"closed","ping_status":"closed","sticky":false,"template":"","format":"standard","meta":{"advanced_seo_description":"","jetpack_seo_html_title":"","jetpack_seo_noindex":false,"ngg_post_thumbnail":0,"_jetpack_newsletter_access":"","_jetpack_dont_email_post_to_subs":false,"_jetpack_newsletter_tier_id":0,"_jetpack_memberships_contains_paywalled_content":false,"_jetpack_memberships_contains_paid_content":false,"footnotes":""},"categories":[5],"tags":[],"class_list":["post-12494","post","type-post","status-publish","format-standard","hentry","category-aktualnosci"],"jetpack_featured_media_url":"","jetpack_sharing_enabled":true,"jetpack_shortlink":"https:\/\/wp.me\/pghmmV-3fw","jetpack_likes_enabled":true,"jetpack-related-posts":[],"_links":{"self":[{"href":"https:\/\/sp.tuchow.pl\/index.php\/wp-json\/wp\/v2\/posts\/12494","targetHints":{"allow":["GET"]}}],"collection":[{"href":"https:\/\/sp.tuchow.pl\/index.php\/wp-json\/wp\/v2\/posts"}],"about":[{"href":"https:\/\/sp.tuchow.pl\/index.php\/wp-json\/wp\/v2\/types\/post"}],"author":[{"embeddable":true,"href":"https:\/\/sp.tuchow.pl\/index.php\/wp-json\/wp\/v2\/users\/4"}],"replies":[{"embeddable":true,"href":"https:\/\/sp.tuchow.pl\/index.php\/wp-json\/wp\/v2\/comments?post=12494"}],"version-history":[{"count":1,"href":"https:\/\/sp.tuchow.pl\/index.php\/wp-json\/wp\/v2\/posts\/12494\/revisions"}],"predecessor-version":[{"id":12495,"href":"https:\/\/sp.tuchow.pl\/index.php\/wp-json\/wp\/v2\/posts\/12494\/revisions\/12495"}],"wp:attachment":[{"href":"https:\/\/sp.tuchow.pl\/index.php\/wp-json\/wp\/v2\/media?parent=12494"}],"wp:term":[{"taxonomy":"category","embeddable":true,"href":"https:\/\/sp.tuchow.pl\/index.php\/wp-json\/wp\/v2\/categories?post=12494"},{"taxonomy":"post_tag","embeddable":true,"href":"https:\/\/sp.tuchow.pl\/index.php\/wp-json\/wp\/v2\/tags?post=12494"}],"curies":[{"name":"wp","href":"https:\/\/api.w.org\/{rel}","templated":true}]}}