{"id":12374,"date":"2025-11-18T19:42:45","date_gmt":"2025-11-18T18:42:45","guid":{"rendered":"https:\/\/sp.tuchow.pl\/?p=12374"},"modified":"2025-11-18T19:42:45","modified_gmt":"2025-11-18T18:42:45","slug":"od-kwiatka-do-swieczki-magiczna-podroz-pszczelego-wosku-relacja-ze-spotkania-z-panem-marianem-zychem","status":"publish","type":"post","link":"https:\/\/sp.tuchow.pl\/index.php\/2025\/11\/18\/od-kwiatka-do-swieczki-magiczna-podroz-pszczelego-wosku-relacja-ze-spotkania-z-panem-marianem-zychem\/","title":{"rendered":"Od kwiatka do \u015bwieczki \u2013 magiczna podr\u00f3\u017c pszczelego wosku. \u00a0Relacja ze spotkania z Panem Marianem Zychem."},"content":{"rendered":"<p style=\"text-align: justify;\">Dyrektor naszej szko\u0142y \u2013 Pan J\u00f3zef Wzorek-&nbsp; we wsp\u00f3\u0142pracy z Ko\u0142em Pszczelarzy w Tuchowie zaprosi\u0142 do klasy 5A specjalnego go\u015bcia \u2013 pana Mariana Zycha, kt\u00f3ry na co dzie\u0144 zajmuje si\u0119 hodowl\u0105 pszcz\u00f3\u0142 i produkcj\u0105 miodu. Ju\u017c od pierwszych minut s\u0142uchali\u015bmy jego opowie\u015bci z ogromnym zaciekawieniem. Pan pszczelarz pokaza\u0142 nam specjalny str\u00f3j ochronny oraz narz\u0119dzia, kt\u00f3rych u\u017cywa podczas pracy przy ulach. Dowiedzieli\u015bmy si\u0119, jak wygl\u0105da \u017cycie pszcz\u00f3\u0142 w ulu, jakie role pe\u0142ni\u0105 r\u00f3\u017cne pszczo\u0142y i dlaczego ich praca jest tak wa\u017cna dla ca\u0142ej przyrody.<\/p>\n<p style=\"text-align: justify;\">Us\u0142yszeli\u015bmy r\u00f3wnie\u017c wiele ciekawostek o kr\u00f3lowej pszcz\u00f3\u0142 \u2014 o tym, \u017ce sk\u0142ada nawet kilka tysi\u0119cy jaj dziennie i \u017ce to od niej zale\u017cy \u017cycie ca\u0142ej pszczelej rodziny.<\/p>\n<p style=\"text-align: justify;\">Po cz\u0119\u015bci teoretycznej przyszed\u0142 czas na dzia\u0142anie. Pan pszczelarz zaprosi\u0142 nas do wykonania w\u0142asnych \u015bwiec z prawdziwego pszczelego wosku. Wosk by\u0142 ciep\u0142y, mi\u0119kki i pi\u0119knie pachnia\u0142 miodem. Ka\u017cdy z nas m\u00f3g\u0142 stworzy\u0107 swoj\u0105 \u015bwiec\u0119. Sprawi\u0142o nam to du\u017co rado\u015bci i satysfakcji.<\/p>\n<p style=\"text-align: justify;\">Na zako\u0144czenie go\u015b\u0107 opowiedzia\u0142 nam, jak mo\u017cemy pomaga\u0107 pszczo\u0142om na co dzie\u0144 \u2014 sadz\u0105c ro\u015bliny miododajne, dbaj\u0105c o ogr\u00f3d i nie niszcz\u0105c miejsc, w kt\u00f3rych mog\u0105 zamieszka\u0107. Dzi\u0119ki temu spotkaniu zrozumieli\u015bmy, jak niezwykle wa\u017cne s\u0105 pszczo\u0142y i ile zawdzi\u0119cza im przyroda oraz ludzie.<\/p>\n<p style=\"text-align: justify;\">To by\u0142o naprawd\u0119 wyj\u0105tkowe do\u015bwiadczenie, pe\u0142ne nowych informacji i wra\u017ce\u0144, kt\u00f3re na d\u0142ugo zostanie w naszej pami\u0119ci.<\/p>\n<p style=\"text-align: right;\">Wantuch Zuzanna, kl. 5A<\/p>\n<p><a href=\"https:\/\/www.facebook.com\/photo?fbid=1416739193789174&amp;set=pcb.1416739980455762\">Galeria zdj\u0119\u0107<\/a><\/p>\n","protected":false},"excerpt":{"rendered":"<p>Dyrektor naszej szko\u0142y \u2013 Pan J\u00f3zef Wzorek-&nbsp; we wsp\u00f3\u0142pracy z Ko\u0142em Pszczelarzy w Tuchowie zaprosi\u0142 do klasy 5A specjalnego go\u015bcia<\/p>\n","protected":false},"author":4,"featured_media":0,"comment_status":"closed","ping_status":"closed","sticky":false,"template":"","format":"standard","meta":{"advanced_seo_description":"","jetpack_seo_html_title":"","jetpack_seo_noindex":false,"ngg_post_thumbnail":0,"_jetpack_newsletter_access":"","_jetpack_dont_email_post_to_subs":false,"_jetpack_newsletter_tier_id":0,"_jetpack_memberships_contains_paywalled_content":false,"_jetpack_memberships_contains_paid_content":false,"footnotes":""},"categories":[5],"tags":[],"class_list":["post-12374","post","type-post","status-publish","format-standard","hentry","category-aktualnosci"],"jetpack_featured_media_url":"","jetpack_sharing_enabled":true,"jetpack_shortlink":"https:\/\/wp.me\/pghmmV-3dA","jetpack_likes_enabled":true,"jetpack-related-posts":[],"_links":{"self":[{"href":"https:\/\/sp.tuchow.pl\/index.php\/wp-json\/wp\/v2\/posts\/12374","targetHints":{"allow":["GET"]}}],"collection":[{"href":"https:\/\/sp.tuchow.pl\/index.php\/wp-json\/wp\/v2\/posts"}],"about":[{"href":"https:\/\/sp.tuchow.pl\/index.php\/wp-json\/wp\/v2\/types\/post"}],"author":[{"embeddable":true,"href":"https:\/\/sp.tuchow.pl\/index.php\/wp-json\/wp\/v2\/users\/4"}],"replies":[{"embeddable":true,"href":"https:\/\/sp.tuchow.pl\/index.php\/wp-json\/wp\/v2\/comments?post=12374"}],"version-history":[{"count":1,"href":"https:\/\/sp.tuchow.pl\/index.php\/wp-json\/wp\/v2\/posts\/12374\/revisions"}],"predecessor-version":[{"id":12375,"href":"https:\/\/sp.tuchow.pl\/index.php\/wp-json\/wp\/v2\/posts\/12374\/revisions\/12375"}],"wp:attachment":[{"href":"https:\/\/sp.tuchow.pl\/index.php\/wp-json\/wp\/v2\/media?parent=12374"}],"wp:term":[{"taxonomy":"category","embeddable":true,"href":"https:\/\/sp.tuchow.pl\/index.php\/wp-json\/wp\/v2\/categories?post=12374"},{"taxonomy":"post_tag","embeddable":true,"href":"https:\/\/sp.tuchow.pl\/index.php\/wp-json\/wp\/v2\/tags?post=12374"}],"curies":[{"name":"wp","href":"https:\/\/api.w.org\/{rel}","templated":true}]}}