{"id":12372,"date":"2025-11-16T15:07:06","date_gmt":"2025-11-16T14:07:06","guid":{"rendered":"https:\/\/sp.tuchow.pl\/?p=12372"},"modified":"2025-11-16T15:07:06","modified_gmt":"2025-11-16T14:07:06","slug":"obchody-narodowego-swieta-niepodleglosci-w-szkole-podstawowej-im-st-staszica-w-tuchowie","status":"publish","type":"post","link":"https:\/\/sp.tuchow.pl\/index.php\/2025\/11\/16\/obchody-narodowego-swieta-niepodleglosci-w-szkole-podstawowej-im-st-staszica-w-tuchowie\/","title":{"rendered":"\u00a0Obchody Narodowego \u015awi\u0119ta Niepodleg\u0142o\u015bci w Szkole Podstawowej im. St. Staszica w Tuchowie."},"content":{"rendered":"<p style=\"text-align: justify;\">12 listopada odby\u0142a si\u0119 wyj\u0105tkowa akademia z okazji Narodowego \u015awi\u0119ta Niepodleg\u0142o\u015bci. By\u0142a ona inna od dotychczasowych. W tym roku uczniowie wraz z nauczycielami przygotowali spektakl inspirowany dramatem Stanis\u0142awa Wyspia\u0144skiego <em>\u201eWesele\u201d<\/em>. Pomys\u0142 nawi\u0105zywa\u0142 do symboliki utworu, kt\u00f3ry od lat stanowi jedno z najwa\u017cniejszych dzie\u0142 ukazuj\u0105cych polskie marzenia o wolno\u015bci, narodowe s\u0142abo\u015bci, ale i si\u0142\u0119 wsp\u00f3lnoty.<\/p>\n<p style=\"text-align: justify;\">&nbsp;Przedstawienie \u0142\u0105czy\u0142o fragmenty oryginalnego tekstu Wyspia\u0144skiego z komentarzem historycznym oraz refleksj\u0105 nad drog\u0105 Polak\u00f3w do niepodleg\u0142o\u015bci. Ws\u0142uchuj\u0105c si\u0119 w g\u0142os Jesieni mo\u017cna by\u0142o przypomnie\u0107 sobie drog\u0119 Polak\u00f3w do wolno\u015bci. Scena Chocho\u0142a, symbolizuj\u0105ca u\u015bpiony nar\u00f3d, zosta\u0142a podkre\u015blona wymown\u0105 opraw\u0105 muzyczn\u0105 i wizualn\u0105, co wywar\u0142o du\u017ce wra\u017cenie na publiczno\u015bci. Uroczysto\u015b\u0107 wzbogaci\u0142 r\u00f3wnie\u017c \u017cywio\u0142owy taniec przygotowany przez uczni\u00f3w klasy II d, kt\u00f3rzy zaprezentowali tradycyjnego <strong>krakowiaka<\/strong><strong>.<\/strong><\/p>\n<p style=\"text-align: justify;\">Dzi\u0119ki tw\u00f3rczemu po\u0142\u0105czeniu tradycji, literatury i historii widzowie mogli spojrze\u0107 na <em>\u201eWesele\u201d<\/em> jak na utw\u00f3r nadal aktualny, inspiruj\u0105cy do rozm\u00f3w o wsp\u00f3lnocie, odpowiedzialno\u015bci i mi\u0142o\u015bci do ojczyzny, czyli o warto\u015bciach, dzi\u0119ki kt\u00f3rym nasz nar\u00f3d doszed\u0142 do Niepodleg\u0142o\u015bci.<\/p>\n<p><a href=\"https:\/\/www.facebook.com\/photo?fbid=1414441610685599&amp;set=pcb.1414442157352211\">Galeria zdj\u0119\u0107<\/a><\/p>\n","protected":false},"excerpt":{"rendered":"<p>12 listopada odby\u0142a si\u0119 wyj\u0105tkowa akademia z okazji Narodowego \u015awi\u0119ta Niepodleg\u0142o\u015bci. By\u0142a ona inna od dotychczasowych. W tym roku uczniowie<\/p>\n","protected":false},"author":4,"featured_media":0,"comment_status":"closed","ping_status":"closed","sticky":false,"template":"","format":"standard","meta":{"advanced_seo_description":"","jetpack_seo_html_title":"","jetpack_seo_noindex":false,"ngg_post_thumbnail":0,"_jetpack_newsletter_access":"","_jetpack_dont_email_post_to_subs":false,"_jetpack_newsletter_tier_id":0,"_jetpack_memberships_contains_paywalled_content":false,"_jetpack_memberships_contains_paid_content":false,"footnotes":""},"categories":[5],"tags":[],"class_list":["post-12372","post","type-post","status-publish","format-standard","hentry","category-aktualnosci"],"jetpack_featured_media_url":"","jetpack_sharing_enabled":true,"jetpack_shortlink":"https:\/\/wp.me\/pghmmV-3dy","jetpack_likes_enabled":true,"jetpack-related-posts":[],"_links":{"self":[{"href":"https:\/\/sp.tuchow.pl\/index.php\/wp-json\/wp\/v2\/posts\/12372","targetHints":{"allow":["GET"]}}],"collection":[{"href":"https:\/\/sp.tuchow.pl\/index.php\/wp-json\/wp\/v2\/posts"}],"about":[{"href":"https:\/\/sp.tuchow.pl\/index.php\/wp-json\/wp\/v2\/types\/post"}],"author":[{"embeddable":true,"href":"https:\/\/sp.tuchow.pl\/index.php\/wp-json\/wp\/v2\/users\/4"}],"replies":[{"embeddable":true,"href":"https:\/\/sp.tuchow.pl\/index.php\/wp-json\/wp\/v2\/comments?post=12372"}],"version-history":[{"count":1,"href":"https:\/\/sp.tuchow.pl\/index.php\/wp-json\/wp\/v2\/posts\/12372\/revisions"}],"predecessor-version":[{"id":12373,"href":"https:\/\/sp.tuchow.pl\/index.php\/wp-json\/wp\/v2\/posts\/12372\/revisions\/12373"}],"wp:attachment":[{"href":"https:\/\/sp.tuchow.pl\/index.php\/wp-json\/wp\/v2\/media?parent=12372"}],"wp:term":[{"taxonomy":"category","embeddable":true,"href":"https:\/\/sp.tuchow.pl\/index.php\/wp-json\/wp\/v2\/categories?post=12372"},{"taxonomy":"post_tag","embeddable":true,"href":"https:\/\/sp.tuchow.pl\/index.php\/wp-json\/wp\/v2\/tags?post=12372"}],"curies":[{"name":"wp","href":"https:\/\/api.w.org\/{rel}","templated":true}]}}