{"id":10511,"date":"2022-06-21T21:16:08","date_gmt":"2022-06-21T19:16:08","guid":{"rendered":"http:\/\/sp.tuchow.pl\/?p=10511"},"modified":"2022-06-21T21:16:08","modified_gmt":"2022-06-21T19:16:08","slug":"zakonczenie-roku-szkolnego-20212022","status":"publish","type":"post","link":"https:\/\/sp.tuchow.pl\/index.php\/2022\/06\/21\/zakonczenie-roku-szkolnego-20212022\/","title":{"rendered":"Zako\u0144czenie roku szkolnego 2021\/2022"},"content":{"rendered":"<p>24 czerwca 2022 roku (pi\u0105tek) odb\u0119dzie si\u0119 uroczyste zako\u0144czenie roku szkolnego 2021\/2022.<\/p>\n<p>Uczniowie klas V &#8211; VIII przychodz\u0105 do Bazyliki NNMP na Msz\u0119 \u015bwi\u0119t\u0105 na godz. 8:00 , a potem pod opiek\u0105 wychowawc\u00f3w i nauczycieli udaj\u0105 si\u0119 do hali MOSiR .<\/p>\n<p>Uczniowie szko\u0142y podstawowej klasy I \u2013 IV przychodz\u0105 do ko\u015bcio\u0142a \u015aw. Jakuba na godzin\u0119 9:45, a potem pod opiek\u0105 wychowawc\u00f3w udaj\u0105 si\u0119 do hali MOSiR.<\/p>\n<p>W tym dniu dowozu nie ma.<br \/>\n\u015awietlica nieczynna.<br \/>\nSto\u0142\u00f3wka nie wydaje obiad\u00f3w.<\/p>\n","protected":false},"excerpt":{"rendered":"<p>24 czerwca 2022 roku (pi\u0105tek) odb\u0119dzie si\u0119 uroczyste zako\u0144czenie roku szkolnego 2021\/2022. Uczniowie klas V &#8211; VIII przychodz\u0105 do Bazyliki<\/p>\n","protected":false},"author":4,"featured_media":0,"comment_status":"closed","ping_status":"closed","sticky":false,"template":"","format":"standard","meta":{"advanced_seo_description":"","jetpack_seo_html_title":"","jetpack_seo_noindex":false,"ngg_post_thumbnail":0,"_jetpack_newsletter_access":"","_jetpack_dont_email_post_to_subs":false,"_jetpack_newsletter_tier_id":0,"_jetpack_memberships_contains_paywalled_content":false,"_jetpack_memberships_contains_paid_content":false,"footnotes":""},"categories":[5],"tags":[],"class_list":["post-10511","post","type-post","status-publish","format-standard","hentry","category-aktualnosci"],"jetpack_featured_media_url":"","jetpack_sharing_enabled":true,"jetpack_shortlink":"https:\/\/wp.me\/pghmmV-2Jx","jetpack_likes_enabled":true,"jetpack-related-posts":[],"_links":{"self":[{"href":"https:\/\/sp.tuchow.pl\/index.php\/wp-json\/wp\/v2\/posts\/10511","targetHints":{"allow":["GET"]}}],"collection":[{"href":"https:\/\/sp.tuchow.pl\/index.php\/wp-json\/wp\/v2\/posts"}],"about":[{"href":"https:\/\/sp.tuchow.pl\/index.php\/wp-json\/wp\/v2\/types\/post"}],"author":[{"embeddable":true,"href":"https:\/\/sp.tuchow.pl\/index.php\/wp-json\/wp\/v2\/users\/4"}],"replies":[{"embeddable":true,"href":"https:\/\/sp.tuchow.pl\/index.php\/wp-json\/wp\/v2\/comments?post=10511"}],"version-history":[{"count":1,"href":"https:\/\/sp.tuchow.pl\/index.php\/wp-json\/wp\/v2\/posts\/10511\/revisions"}],"predecessor-version":[{"id":10512,"href":"https:\/\/sp.tuchow.pl\/index.php\/wp-json\/wp\/v2\/posts\/10511\/revisions\/10512"}],"wp:attachment":[{"href":"https:\/\/sp.tuchow.pl\/index.php\/wp-json\/wp\/v2\/media?parent=10511"}],"wp:term":[{"taxonomy":"category","embeddable":true,"href":"https:\/\/sp.tuchow.pl\/index.php\/wp-json\/wp\/v2\/categories?post=10511"},{"taxonomy":"post_tag","embeddable":true,"href":"https:\/\/sp.tuchow.pl\/index.php\/wp-json\/wp\/v2\/tags?post=10511"}],"curies":[{"name":"wp","href":"https:\/\/api.w.org\/{rel}","templated":true}]}}