{"id":10272,"date":"2022-02-23T16:34:06","date_gmt":"2022-02-23T15:34:06","guid":{"rendered":"http:\/\/sp.tuchow.pl\/?p=10272"},"modified":"2022-02-23T16:34:42","modified_gmt":"2022-02-23T15:34:42","slug":"10272","status":"publish","type":"post","link":"https:\/\/sp.tuchow.pl\/index.php\/2022\/02\/23\/10272\/","title":{"rendered":"Rozpoczynamy II okres w \u015bwietlicy szkolnej"},"content":{"rendered":"<p style=\"text-align: justify;\">W naszej szkole w II okresie \u015bwietlica zmieni\u0142a swoj\u0105 lokalizacj\u0119. Znajduje si\u0119 teraz obok sekretariatu, w sali nr 3. Od&nbsp; pocz\u0105tku lutego uczniowie na \u015bwietlicy mi\u0142o sp\u0119dzaj\u0105 czas przed, jak i po lekcjach. \u015awietlica zapewnia zaj\u0119cia \u015bwietlicowe uwzgl\u0119dniaj\u0105ce potrzeby edukacyjne oraz rozwojowe dzieci i m\u0142odzie\u017cy, a tak\u017ce ich mo\u017cliwo\u015bci psychofizyczne, w szczeg\u00f3lno\u015bci zaj\u0119cia rozwijaj\u0105ce zainteresowania uczni\u00f3w, zaj\u0119cia zapewniaj\u0105ce prawid\u0142owy rozw\u00f3j fizyczny oraz odrabianie lekcji .Jest bardzo mi\u0142o, weso\u0142o, ale te\u017c pracowicie. \u015awietliczaki \u015bwi\u0119towali ju\u017c Mi\u0119dzynarodowy Dzie\u0144 Pizzy; Walentynki, podczas kt\u00f3rych dzia\u0142a\u0142a nasza \u015awietlicowa Poczta Walentynkowa; jak r\u00f3wnie\u017c \u015awiatowy Dzie\u0144 Kota. Drugie p\u00f3\u0142rocze dopiero si\u0119 zacz\u0119\u0142o, wi\u0119c jeszcze wiele atrakcji przed dzieciakami. Aktualnie przygotowujemy si\u0119 do WALENTYNKOWO-KARNAWA\u0141OWEGO BALU MASKOWEGO. Zapraszamy do \u015bledzenia naszych aktualno\u015bci na naszej stronie szko\u0142y w zak\u0142adce DLA UCZNI\u00d3W:&nbsp;<\/p>\n<blockquote class=\"wp-embedded-content\" data-secret=\"eCrDGrLrUU\"><p><a href=\"https:\/\/sp.tuchow.pl\/index.php\/dla-uczniow\/swietlica\/\">\u015awietlica<\/a><\/p><\/blockquote>\n<p><iframe loading=\"lazy\" class=\"wp-embedded-content\" sandbox=\"allow-scripts\" security=\"restricted\" style=\"position: absolute; visibility: hidden;\" title=\"&#8222;\u015awietlica&#8221; &#8212; Szko\u0142a Podstawowa w Tuchowie\" src=\"https:\/\/sp.tuchow.pl\/index.php\/dla-uczniow\/swietlica\/embed\/#?secret=UDEjYMvXHa#?secret=eCrDGrLrUU\" data-secret=\"eCrDGrLrUU\" width=\"600\" height=\"338\" frameborder=\"0\" marginwidth=\"0\" marginheight=\"0\" scrolling=\"no\"><\/iframe><\/p>\n<div class=\"fb-post\" data-href=\"http:\/\/www.facebook.com\/sptuchow\/photos\/pcb.3203420459927456\/3203416959927806\/\" data-width=\"552\" style=\"background-color: #fff; display: inline-block;\"><\/div>\n","protected":false},"excerpt":{"rendered":"<p>W naszej szkole w II okresie \u015bwietlica zmieni\u0142a swoj\u0105 lokalizacj\u0119. Znajduje si\u0119 teraz obok sekretariatu, w sali nr 3. Od&nbsp;<\/p>\n","protected":false},"author":4,"featured_media":0,"comment_status":"closed","ping_status":"closed","sticky":false,"template":"","format":"standard","meta":{"advanced_seo_description":"","jetpack_seo_html_title":"","jetpack_seo_noindex":false,"ngg_post_thumbnail":0,"_jetpack_newsletter_access":"","_jetpack_dont_email_post_to_subs":false,"_jetpack_newsletter_tier_id":0,"_jetpack_memberships_contains_paywalled_content":false,"_jetpack_memberships_contains_paid_content":false,"footnotes":""},"categories":[13],"tags":[],"class_list":["post-10272","post","type-post","status-publish","format-standard","hentry","category-swietlica"],"jetpack_featured_media_url":"","jetpack_sharing_enabled":true,"jetpack_shortlink":"https:\/\/wp.me\/sghmmV-10272","jetpack_likes_enabled":true,"jetpack-related-posts":[],"_links":{"self":[{"href":"https:\/\/sp.tuchow.pl\/index.php\/wp-json\/wp\/v2\/posts\/10272","targetHints":{"allow":["GET"]}}],"collection":[{"href":"https:\/\/sp.tuchow.pl\/index.php\/wp-json\/wp\/v2\/posts"}],"about":[{"href":"https:\/\/sp.tuchow.pl\/index.php\/wp-json\/wp\/v2\/types\/post"}],"author":[{"embeddable":true,"href":"https:\/\/sp.tuchow.pl\/index.php\/wp-json\/wp\/v2\/users\/4"}],"replies":[{"embeddable":true,"href":"https:\/\/sp.tuchow.pl\/index.php\/wp-json\/wp\/v2\/comments?post=10272"}],"version-history":[{"count":2,"href":"https:\/\/sp.tuchow.pl\/index.php\/wp-json\/wp\/v2\/posts\/10272\/revisions"}],"predecessor-version":[{"id":10274,"href":"https:\/\/sp.tuchow.pl\/index.php\/wp-json\/wp\/v2\/posts\/10272\/revisions\/10274"}],"wp:attachment":[{"href":"https:\/\/sp.tuchow.pl\/index.php\/wp-json\/wp\/v2\/media?parent=10272"}],"wp:term":[{"taxonomy":"category","embeddable":true,"href":"https:\/\/sp.tuchow.pl\/index.php\/wp-json\/wp\/v2\/categories?post=10272"},{"taxonomy":"post_tag","embeddable":true,"href":"https:\/\/sp.tuchow.pl\/index.php\/wp-json\/wp\/v2\/tags?post=10272"}],"curies":[{"name":"wp","href":"https:\/\/api.w.org\/{rel}","templated":true}]}}